{"id":356,"date":"2011-11-10T16:58:51","date_gmt":"2011-11-10T22:58:51","guid":{"rendered":"http:\/\/www.plurinominal.com.mx\/?p=356"},"modified":"2011-11-10T16:58:51","modified_gmt":"2011-11-10T22:58:51","slug":"intentan-crear-%e2%80%9cbase-de-datos%e2%80%9d-en-la-direccion-de-seguridad-publica-municipal","status":"publish","type":"post","link":"https:\/\/www.plurinominal.com.mx\/?p=356","title":{"rendered":"Intentan crear \u201cBase de Datos\u201d en la Direcci\u00f3n de Seguridad P\u00fablica Municipal"},"content":{"rendered":"<p><a href=\"https:\/\/www.plurinominal.com.mx\/wp-content\/uploads\/2-base-de-datos.jpg\"><img loading=\"lazy\" decoding=\"async\" class=\"alignleft size-medium wp-image-357\" title=\"2 base de datos\" src=\"https:\/\/www.plurinominal.com.mx\/wp-content\/uploads\/2-base-de-datos-225x300.jpg\" alt=\"\" width=\"225\" height=\"300\" srcset=\"https:\/\/www.plurinominal.com.mx\/wp-content\/uploads\/2-base-de-datos-225x300.jpg 225w, https:\/\/www.plurinominal.com.mx\/wp-content\/uploads\/2-base-de-datos.jpg 567w\" sizes=\"auto, (max-width: 225px) 100vw, 225px\" \/><\/a>Se llevar\u00eda un registro preciso sobre de los detenidos, reconocen<\/p>\n<p>Marco Serna<br \/>\nLa Direcci\u00f3n de Seguridad P\u00fablica del municipio, intenta crear una \u201cbase de datos\u201d donde se lleve un registro preciso sobre de los detenidos.<br \/>\nEste martes 8 de noviembre, el Director Provisional, Antonio Chiquito P\u00e9rez explic\u00f3 que ya se cuenta en barandilla con un equipo de c\u00f3mputo exclusivo, pues aunque en las oficinas se observa otra m\u00e1quina, \u00e9sta sirve \u00fanicamente para realizar los partes informativos.<br \/>\nChiquito P\u00e9rez, dijo a Plurinominal que desde que tiene conocimiento, todos los registros se hacen a mano en libros de contabilidad, \u00e9stos terminan archivados.<br \/>\nAl contar con una base de datos y teclear el nombre, direcci\u00f3n, fecha, o palabras clave se pueden determinar los antecedentes de cada detenido, saber cu\u00e1ntos se consignan ante el ministerio p\u00fablico, conocer los ingresos de barandilla, los delitos que m\u00e1s acechan a la poblaci\u00f3n o el \u00edndice delictivo, cifras de saldo blanco, y un amplio etc\u00e9tera.<br \/>\nExplic\u00f3 el Director Provisional, que \u201cesto ya es un requisito que se plante\u00f3 en el curso de Cadena de Custodia\u201d.<br \/>\nEs com\u00fan que en barandilla, los detenidos proporcionen datos falsos.<br \/>\nCon la \u201cbase de datos\u201d se podr\u00edan almacenar incluso gr\u00e1ficas de los infractores o delincuentes que hayan cometido delitos graves, o \u00e9stas podr\u00edan compararse con las de otros municipios, lo que actualmente no sucede en esta localidad, como tampoco en Villa Ju\u00e1rez ni Guadalc\u00e1zar, donde de acuerdo al curso, deber\u00e1n llevar a cabo la tarea.<br \/>\nSeg\u00fan informaci\u00f3n de WP, \u201cuna base de datos o banco de datos, \u2014en ocasiones abreviada con la sigla BD o con la abreviatura b. d.\u2014 es un conjunto de datos pertenecientes a un mismo contexto y almacenados sistem\u00e1ticamente para su posterior uso. En este sentido, una biblioteca puede considerarse una base de datos compuesta en su mayor\u00eda por documentos y textos impresos en papel e indexados para su consulta. Actualmente, y debido al desarrollo tecnol\u00f3gico de campos como la inform\u00e1tica y la electr\u00f3nica, la mayor\u00eda de las bases de datos est\u00e1n en formato digital \u2014electr\u00f3nico\u2014, que ofrece un amplio rango de soluciones al problema de almacenar informaci\u00f3n\u201d.<br \/>\nSe ignora si se contrate un servidor para el almacenamiento, o si la DGSPM se entrelace con alg\u00fan sitio del gobierno o \u00fanicamente los archivos ser\u00e1n alojados en un disco duro interno de la m\u00e1quina, lo que podr\u00eda estar expuesto a p\u00e9rdida debido a falla f\u00edsica o virus, pero ya se contempla el desarrollo.<\/p>\n","protected":false},"excerpt":{"rendered":"<p>Se llevar\u00eda un registro preciso sobre de los detenidos, reconocen Marco Serna La Direcci\u00f3n de Seguridad P\u00fablica del municipio, intenta crear una \u201cbase de datos\u201d donde se lleve un registro&#8230;<\/p>\n","protected":false},"author":1,"featured_media":0,"comment_status":"closed","ping_status":"open","sticky":false,"template":"","format":"standard","meta":{"footnotes":""},"categories":[3],"tags":[223,32,13],"class_list":["post-356","post","type-post","status-publish","format-standard","hentry","category-cerritos","tag-base-de-datos","tag-detenidos","tag-dgspm","entry","simple"],"_links":{"self":[{"href":"https:\/\/www.plurinominal.com.mx\/index.php?rest_route=\/wp\/v2\/posts\/356","targetHints":{"allow":["GET"]}}],"collection":[{"href":"https:\/\/www.plurinominal.com.mx\/index.php?rest_route=\/wp\/v2\/posts"}],"about":[{"href":"https:\/\/www.plurinominal.com.mx\/index.php?rest_route=\/wp\/v2\/types\/post"}],"author":[{"embeddable":true,"href":"https:\/\/www.plurinominal.com.mx\/index.php?rest_route=\/wp\/v2\/users\/1"}],"replies":[{"embeddable":true,"href":"https:\/\/www.plurinominal.com.mx\/index.php?rest_route=%2Fwp%2Fv2%2Fcomments&post=356"}],"version-history":[{"count":0,"href":"https:\/\/www.plurinominal.com.mx\/index.php?rest_route=\/wp\/v2\/posts\/356\/revisions"}],"wp:attachment":[{"href":"https:\/\/www.plurinominal.com.mx\/index.php?rest_route=%2Fwp%2Fv2%2Fmedia&parent=356"}],"wp:term":[{"taxonomy":"category","embeddable":true,"href":"https:\/\/www.plurinominal.com.mx\/index.php?rest_route=%2Fwp%2Fv2%2Fcategories&post=356"},{"taxonomy":"post_tag","embeddable":true,"href":"https:\/\/www.plurinominal.com.mx\/index.php?rest_route=%2Fwp%2Fv2%2Ftags&post=356"}],"curies":[{"name":"wp","href":"https:\/\/api.w.org\/{rel}","templated":true}]}}