{"id":360,"date":"2011-11-10T21:00:33","date_gmt":"2011-11-11T03:00:33","guid":{"rendered":"http:\/\/www.plurinominal.com.mx\/?p=360"},"modified":"2011-11-10T17:01:50","modified_gmt":"2011-11-10T23:01:50","slug":"5-adolescentes-detenidos","status":"publish","type":"post","link":"https:\/\/www.plurinominal.com.mx\/?p=360","title":{"rendered":"5 adolescentes detenidos"},"content":{"rendered":"<p>Tomaban a bordo de un bocho, otros lograron huir<\/p>\n<p>Del equipo de redacci\u00f3n<br \/>\nCinco adolescentes fueron detenidos cuando luego de emborracharse a bordo de un Volkswagen rojo, el conductor termin\u00f3 subi\u00e9ndose a una banqueta de manera zigzagueante sobre la Calle Ocampo. Aun as\u00ed, se menciona en la corporaci\u00f3n que 2 lograron huir del lugar de los hechos que ocurrieron la madrugada del domingo 6 de noviembre a pocos metros de la plaza de Cerritos.<br \/>\nA la 01:40 se registr\u00f3 la detenci\u00f3n de los sujetos. Primeramente andaban \u201cmuy entonados\u201d sobre la calle Ju\u00e1rez. Se les toler\u00f3 la parranda\u201d, pero a breves instantes los municipales fueron testigos de c\u00f3mo el veh\u00edculo se subi\u00f3 a la banqueta. Por ese motivo se les marc\u00f3 el alto sobre la calle Galeana.<br \/>\nQuien dio varios nombres a los oficiales, desped\u00eda un fuerte olor a alcohol, al igual que sus \u201camigos\u201d, pero trascendi\u00f3 que el detenido lleva por nombre Jes\u00fas Alfonso Hern\u00e1ndez Quintero y tiene su domicilio en la calle Adalberto de \u00c1vila 19, del Barrio de Nuestro Padre Jes\u00fas, joven que fue consignado ante el Ministerio P\u00fablico.<br \/>\nJunto a \u00e9l ingresaron a las celdas Porfirio Eduardo Rodr\u00edguez V\u00e1zquez de 20 a\u00f1os y con domicilio en la calle Matamoros, Fernando Alvizo Zamarripa de 19 a\u00f1os con domicilio conocido en la calle Mat\u00edas de \u00c1vila, J. Guadalupe Bulis de 20 a\u00f1os, de la calle Zafiro 302 y Jos\u00e9 Everardo Bulis Flores de 19 a\u00f1os, del mismo domicilio. Todos ellos \u00fanicamente pagaron multa administrativa para gozar nuevamente de su libertad a diferencia del conductor, quien en el momento en que ingres\u00f3 a barandilla, \u201cno pudo acordarse de un n\u00famero de celular, no coordin\u00f3 a ninguna pregunta que le hac\u00edan los oficiales ni dio el nombre de alg\u00fan familiar para que se le informara sobre su detenci\u00f3n\u201d. As\u00ed expresa el reporte de barandilla.<br \/>\nSe explic\u00f3 a Plurinominal que al momento de querer detener a los muchachos, \u201cuno alcanz\u00f3 a sacar un cinto para enfrentar a los uniformados, por eso dos pudieron escapar\u201d.<br \/>\nEn la corporaci\u00f3n se indica que el \u201cChuy\u00edn\u201d ya cuenta con antecedentes similares por los que ha sido consignado, \u201cincluso fue el que quiso escaparse de un consultorio cuando se le llev\u00f3 a certificar\u201d, puntualiz\u00f3 un polic\u00eda.<\/p>\n","protected":false},"excerpt":{"rendered":"<p>Tomaban a bordo de un bocho, otros lograron huir Del equipo de redacci\u00f3n Cinco adolescentes fueron detenidos cuando luego de emborracharse a bordo de un Volkswagen rojo, el conductor termin\u00f3&#8230;<\/p>\n","protected":false},"author":1,"featured_media":0,"comment_status":"closed","ping_status":"open","sticky":false,"template":"","format":"standard","meta":{"footnotes":""},"categories":[3],"tags":[224,32],"class_list":["post-360","post","type-post","status-publish","format-standard","hentry","category-cerritos","tag-borrachos","tag-detenidos","entry","simple"],"_links":{"self":[{"href":"https:\/\/www.plurinominal.com.mx\/index.php?rest_route=\/wp\/v2\/posts\/360","targetHints":{"allow":["GET"]}}],"collection":[{"href":"https:\/\/www.plurinominal.com.mx\/index.php?rest_route=\/wp\/v2\/posts"}],"about":[{"href":"https:\/\/www.plurinominal.com.mx\/index.php?rest_route=\/wp\/v2\/types\/post"}],"author":[{"embeddable":true,"href":"https:\/\/www.plurinominal.com.mx\/index.php?rest_route=\/wp\/v2\/users\/1"}],"replies":[{"embeddable":true,"href":"https:\/\/www.plurinominal.com.mx\/index.php?rest_route=%2Fwp%2Fv2%2Fcomments&post=360"}],"version-history":[{"count":0,"href":"https:\/\/www.plurinominal.com.mx\/index.php?rest_route=\/wp\/v2\/posts\/360\/revisions"}],"wp:attachment":[{"href":"https:\/\/www.plurinominal.com.mx\/index.php?rest_route=%2Fwp%2Fv2%2Fmedia&parent=360"}],"wp:term":[{"taxonomy":"category","embeddable":true,"href":"https:\/\/www.plurinominal.com.mx\/index.php?rest_route=%2Fwp%2Fv2%2Fcategories&post=360"},{"taxonomy":"post_tag","embeddable":true,"href":"https:\/\/www.plurinominal.com.mx\/index.php?rest_route=%2Fwp%2Fv2%2Ftags&post=360"}],"curies":[{"name":"wp","href":"https:\/\/api.w.org\/{rel}","templated":true}]}}