{"id":3604,"date":"2012-07-27T00:33:24","date_gmt":"2012-07-27T05:33:24","guid":{"rendered":"http:\/\/www.plurinominal.com.mx\/?p=3604"},"modified":"2012-07-27T00:33:32","modified_gmt":"2012-07-27T05:33:32","slug":"presentaran-libro-en-el-icat","status":"publish","type":"post","link":"https:\/\/www.plurinominal.com.mx\/?p=3604","title":{"rendered":"Presentaron libro en el ICAT"},"content":{"rendered":"<ul>\n<li>Autor realiz\u00f3 investigaciones en Cerritos y Guadalc\u00e1zar<\/li>\n<\/ul>\n<p><em>Rom\u00e1n G.-<\/em> Este jueves 26 de julio en punto de las 11:30 de la ma\u00f1ana, el Instituto de Capacitaci\u00f3n pata el Trabajo (ICAT) llevar\u00eda a cabo la presentaci\u00f3n del libro \u201cEn el Camino\u2026formaci\u00f3n para el trabajo e inclusi\u00f3n: \u00bfHacia donde vamos?\u201d.<br \/>\nSe dijo que la presentaci\u00f3n correr\u00eda por cuenta del Dr. Enrique Pieck Gochicoa, integrante del Instituto de Investigaciones para el Desarrollo de la Educaci\u00f3n, Divisi\u00f3n de Humanidades y Comunicaciones de la Universidad Iberoamericana.<br \/>\nEl prop\u00f3sito de esta investigaci\u00f3n fue encaminarse a la sistematizaci\u00f3n de experiencias significativas de formaci\u00f3n para el trabajo que se desarroll\u00f3 en los ICAT a lo largo de todo 2011.<br \/>\nCon la culminaci\u00f3n de la obra en el mes de junio del a\u00f1o en curso, en dicho libro estar\u00e1n siendo compartidas las experiencias de la se\u00f1ora Estela Reyes Reyes y Graciela Requena Gayt\u00e1n, ambas originarias de este municipio, acompa\u00f1adas de la se\u00f1ora Mar\u00eda Maximina \u00c1lvarez Torres, electas en todo el estado potosino para compartir sus experiencias en el curso.<br \/>\nDurante el proceso, se cont\u00f3 con la visita del Dr. Enrique Pieck a la ciudad de Cerritos y al municipio de Guadalc\u00e1zar, donde se desarrollaron parte de sus investigaciones desde el a\u00f1o pasado.<\/p>\n","protected":false},"excerpt":{"rendered":"<p>Autor realiz\u00f3 investigaciones en Cerritos y Guadalc\u00e1zar Rom\u00e1n G.- Este jueves 26 de julio en punto de las 11:30 de la ma\u00f1ana, el Instituto de Capacitaci\u00f3n pata el Trabajo (ICAT)&#8230;<\/p>\n","protected":false},"author":1,"featured_media":3605,"comment_status":"closed","ping_status":"open","sticky":false,"template":"","format":"standard","meta":{"footnotes":""},"categories":[3,6],"tags":[],"class_list":["post-3604","post","type-post","status-publish","format-standard","has-post-thumbnail","hentry","category-cerritos","category-guadalcazar","entry","simple"],"_links":{"self":[{"href":"https:\/\/www.plurinominal.com.mx\/index.php?rest_route=\/wp\/v2\/posts\/3604","targetHints":{"allow":["GET"]}}],"collection":[{"href":"https:\/\/www.plurinominal.com.mx\/index.php?rest_route=\/wp\/v2\/posts"}],"about":[{"href":"https:\/\/www.plurinominal.com.mx\/index.php?rest_route=\/wp\/v2\/types\/post"}],"author":[{"embeddable":true,"href":"https:\/\/www.plurinominal.com.mx\/index.php?rest_route=\/wp\/v2\/users\/1"}],"replies":[{"embeddable":true,"href":"https:\/\/www.plurinominal.com.mx\/index.php?rest_route=%2Fwp%2Fv2%2Fcomments&post=3604"}],"version-history":[{"count":0,"href":"https:\/\/www.plurinominal.com.mx\/index.php?rest_route=\/wp\/v2\/posts\/3604\/revisions"}],"wp:featuredmedia":[{"embeddable":true,"href":"https:\/\/www.plurinominal.com.mx\/index.php?rest_route=\/wp\/v2\/media\/3605"}],"wp:attachment":[{"href":"https:\/\/www.plurinominal.com.mx\/index.php?rest_route=%2Fwp%2Fv2%2Fmedia&parent=3604"}],"wp:term":[{"taxonomy":"category","embeddable":true,"href":"https:\/\/www.plurinominal.com.mx\/index.php?rest_route=%2Fwp%2Fv2%2Fcategories&post=3604"},{"taxonomy":"post_tag","embeddable":true,"href":"https:\/\/www.plurinominal.com.mx\/index.php?rest_route=%2Fwp%2Fv2%2Ftags&post=3604"}],"curies":[{"name":"wp","href":"https:\/\/api.w.org\/{rel}","templated":true}]}}