{"id":3608,"date":"2012-07-27T00:34:37","date_gmt":"2012-07-27T05:34:37","guid":{"rendered":"http:\/\/www.plurinominal.com.mx\/?p=3608"},"modified":"2012-07-27T00:34:37","modified_gmt":"2012-07-27T05:34:37","slug":"grafitean-plazoletas-cerritenses","status":"publish","type":"post","link":"https:\/\/www.plurinominal.com.mx\/?p=3608","title":{"rendered":"Grafitean plazoletas cerritenses"},"content":{"rendered":"<p><em>Rom\u00e1n G.-<\/em> Notable fue para decenas de cerritenses, la presencia de grafitis en las estructuras de diversas plazoletas. Dichos dibujos de forma aparente fueron realizados por j\u00f3venes que buscan demostrarse afecto entre s\u00ed.<br \/>\nCon pintura en aerosol, es con lo que han sido rayados algunos de los monumentos hist\u00f3ricos.<br \/>\nA pesar de prevenci\u00f3n de estas situaciones  la Direcci\u00f3n de Seguridad P\u00fablica, no ha comenzado campa\u00f1a alguna en contra de los practicantes del vandalismo.<br \/>\nEl rostro de Rafael Nieto ha sido incluso pintarrajeado repetidas veces.<br \/>\nParedes de la capilla del barrio de Padre Jes\u00fas, tambi\u00e9n son lienzos para la realizaci\u00f3n de enormes grafitis, pero son pocos los detenidos que se registran en barandilla por esta pr\u00e1ctica.<\/p>\n","protected":false},"excerpt":{"rendered":"<p>Rom\u00e1n G.- Notable fue para decenas de cerritenses, la presencia de grafitis en las estructuras de diversas plazoletas. Dichos dibujos de forma aparente fueron realizados por j\u00f3venes que buscan demostrarse&#8230;<\/p>\n","protected":false},"author":1,"featured_media":3609,"comment_status":"closed","ping_status":"open","sticky":false,"template":"","format":"standard","meta":{"footnotes":""},"categories":[3],"tags":[],"class_list":["post-3608","post","type-post","status-publish","format-standard","has-post-thumbnail","hentry","category-cerritos","entry","simple"],"_links":{"self":[{"href":"https:\/\/www.plurinominal.com.mx\/index.php?rest_route=\/wp\/v2\/posts\/3608","targetHints":{"allow":["GET"]}}],"collection":[{"href":"https:\/\/www.plurinominal.com.mx\/index.php?rest_route=\/wp\/v2\/posts"}],"about":[{"href":"https:\/\/www.plurinominal.com.mx\/index.php?rest_route=\/wp\/v2\/types\/post"}],"author":[{"embeddable":true,"href":"https:\/\/www.plurinominal.com.mx\/index.php?rest_route=\/wp\/v2\/users\/1"}],"replies":[{"embeddable":true,"href":"https:\/\/www.plurinominal.com.mx\/index.php?rest_route=%2Fwp%2Fv2%2Fcomments&post=3608"}],"version-history":[{"count":0,"href":"https:\/\/www.plurinominal.com.mx\/index.php?rest_route=\/wp\/v2\/posts\/3608\/revisions"}],"wp:featuredmedia":[{"embeddable":true,"href":"https:\/\/www.plurinominal.com.mx\/index.php?rest_route=\/wp\/v2\/media\/3609"}],"wp:attachment":[{"href":"https:\/\/www.plurinominal.com.mx\/index.php?rest_route=%2Fwp%2Fv2%2Fmedia&parent=3608"}],"wp:term":[{"taxonomy":"category","embeddable":true,"href":"https:\/\/www.plurinominal.com.mx\/index.php?rest_route=%2Fwp%2Fv2%2Fcategories&post=3608"},{"taxonomy":"post_tag","embeddable":true,"href":"https:\/\/www.plurinominal.com.mx\/index.php?rest_route=%2Fwp%2Fv2%2Ftags&post=3608"}],"curies":[{"name":"wp","href":"https:\/\/api.w.org\/{rel}","templated":true}]}}