{"id":362,"date":"2011-11-11T09:00:54","date_gmt":"2011-11-11T15:00:54","guid":{"rendered":"http:\/\/www.plurinominal.com.mx\/?p=362"},"modified":"2011-11-10T17:02:40","modified_gmt":"2011-11-10T23:02:40","slug":"los-detuvieron-durante-la-fiesta-de-granjenal","status":"publish","type":"post","link":"https:\/\/www.plurinominal.com.mx\/?p=362","title":{"rendered":"Los detuvieron durante la fiesta de Granjenal"},"content":{"rendered":"<p>Jos\u00e9 \u00c1ngel Mtz.<br \/>\nPor parte de las comandancias de las polic\u00edas de Cerritos y Villa Ju\u00e1rez se inform\u00f3 que hubo demasiados detenidos en la fiesta de El Granjenal.<br \/>\nDesde la semana pasada la polic\u00eda de nuestro municipio apoy\u00f3 en diversas actividades por la fiesta patronal a sus hom\u00f3logos de la \u201cVilla\u201d.<br \/>\nLos resultados fueron buenos, consider\u00e1ndose que por parte de \u00e9stas dos cuerpos de polic\u00edas se evitaron hechos que pudieron haber empa\u00f1ado la fiesta.<br \/>\nPara empezar el viernes los polic\u00edas de Villa Ju\u00e1rez detuvieron a cinco personas que dijeron llamarse Sa\u00fal Castro L\u00f3pez, Macario Rosales Rodr\u00edguez, Jos\u00e9 Rodr\u00edguez Mart\u00ednez, Rom\u00e1n Collazo Ruiz y Jos\u00e9 Pecina Barr\u00f3n, el \u00faltimo de Cerritos y los dem\u00e1s de El Granjenal y Ojo de Agua.<br \/>\nEl s\u00e1bado \u2014cuando se anunci\u00f3 la carrera de caballos realizada a un costado del camino que comunica con Santo Domingo\u2014, fueron detenidos Andr\u00e9s Urbina, Leocadio Banda, Mart\u00edn Mart\u00ednez y Luis Ren\u00e9 Cruz \u00c1lvarez, ellos oriundos de Granjenal y Ojo de Agua.<br \/>\nPara cerrar la fiesta se detectaron el domingo en el jaripeo y baile varios esc\u00e1ndalos en los que fueron detenidos Jos\u00e9 Ignacio Pecina Borjas, Gregorio Pecina, Joel C\u00e1zares, Guadalupe Castillo Rodr\u00edguez, Joel Pecina Borjas, Arturo Torres, Alberto Rodr\u00edguez V\u00e1zquez, Jos\u00e9 Arturo R\u00edos Gerardo, Arturo Rosales Mor\u00e1ndez y Adri\u00e1n Villanueva Mart\u00ednez.<br \/>\nSe sabe que en los operativos no hubo partici\u00f3n de la Polic\u00eda del Estado, o al menos eso se cree ya que no se tiene informaci\u00f3n por su parte de haber logrado detenciones en los d\u00edas de mayor actividad de la fiesta patronal.<\/p>\n","protected":false},"excerpt":{"rendered":"<p>Jos\u00e9 \u00c1ngel Mtz. Por parte de las comandancias de las polic\u00edas de Cerritos y Villa Ju\u00e1rez se inform\u00f3 que hubo demasiados detenidos en la fiesta de El Granjenal. Desde la&#8230;<\/p>\n","protected":false},"author":1,"featured_media":0,"comment_status":"closed","ping_status":"open","sticky":false,"template":"","format":"standard","meta":{"footnotes":""},"categories":[4],"tags":[32],"class_list":["post-362","post","type-post","status-publish","format-standard","hentry","category-villa-juarez","tag-detenidos","entry","simple"],"_links":{"self":[{"href":"https:\/\/www.plurinominal.com.mx\/index.php?rest_route=\/wp\/v2\/posts\/362","targetHints":{"allow":["GET"]}}],"collection":[{"href":"https:\/\/www.plurinominal.com.mx\/index.php?rest_route=\/wp\/v2\/posts"}],"about":[{"href":"https:\/\/www.plurinominal.com.mx\/index.php?rest_route=\/wp\/v2\/types\/post"}],"author":[{"embeddable":true,"href":"https:\/\/www.plurinominal.com.mx\/index.php?rest_route=\/wp\/v2\/users\/1"}],"replies":[{"embeddable":true,"href":"https:\/\/www.plurinominal.com.mx\/index.php?rest_route=%2Fwp%2Fv2%2Fcomments&post=362"}],"version-history":[{"count":0,"href":"https:\/\/www.plurinominal.com.mx\/index.php?rest_route=\/wp\/v2\/posts\/362\/revisions"}],"wp:attachment":[{"href":"https:\/\/www.plurinominal.com.mx\/index.php?rest_route=%2Fwp%2Fv2%2Fmedia&parent=362"}],"wp:term":[{"taxonomy":"category","embeddable":true,"href":"https:\/\/www.plurinominal.com.mx\/index.php?rest_route=%2Fwp%2Fv2%2Fcategories&post=362"},{"taxonomy":"post_tag","embeddable":true,"href":"https:\/\/www.plurinominal.com.mx\/index.php?rest_route=%2Fwp%2Fv2%2Ftags&post=362"}],"curies":[{"name":"wp","href":"https:\/\/api.w.org\/{rel}","templated":true}]}}