{"id":3620,"date":"2012-07-30T14:30:15","date_gmt":"2012-07-30T19:30:15","guid":{"rendered":"http:\/\/www.plurinominal.com.mx\/?p=3620"},"modified":"2012-07-30T14:30:15","modified_gmt":"2012-07-30T19:30:15","slug":"mujer-quemada","status":"publish","type":"post","link":"https:\/\/www.plurinominal.com.mx\/?p=3620","title":{"rendered":"Mujer quemada"},"content":{"rendered":"<p><em>Redacci\u00f3n.-<\/em> Una mujer fue trasladada a recibir atenci\u00f3n m\u00e9dica urgente, debido a severas quemaduras sufridas la ma\u00f1ana de ayer.<br \/>\nInformaron autoridades municipales, que Mart\u00edn Badillo, del n\u00famero 6 de la calle Salazar, tra\u00eda consigo un recipiente con material flamable con el que realizar\u00eda tareas cotidianas, pero en un descuido, el l\u00edquido se le derram\u00f3 en una mano, lo que hizo que lo arrojara al suelo para apagar el fuego sobre su extremidad.<br \/>\n\u00c9ste cay\u00f3 salpicando a la se\u00f1ora Guadalupe Banda Badillo, que de inmediato ardi\u00f3.<br \/>\nAseguran los polic\u00edas, que la mujer sufri\u00f3 las consecuencias en algunas partes del cuerpo.<br \/>\nPersonal m\u00e9dico orden\u00f3 su traslado a una cl\u00ednica especializada, y familiares esperan una pronta recuperaci\u00f3n.<\/p>\n","protected":false},"excerpt":{"rendered":"<p>Redacci\u00f3n.- Una mujer fue trasladada a recibir atenci\u00f3n m\u00e9dica urgente, debido a severas quemaduras sufridas la ma\u00f1ana de ayer. Informaron autoridades municipales, que Mart\u00edn Badillo, del n\u00famero 6 de la&#8230;<\/p>\n","protected":false},"author":1,"featured_media":0,"comment_status":"closed","ping_status":"open","sticky":false,"template":"","format":"standard","meta":{"footnotes":""},"categories":[3],"tags":[],"class_list":["post-3620","post","type-post","status-publish","format-standard","hentry","category-cerritos","entry","simple"],"_links":{"self":[{"href":"https:\/\/www.plurinominal.com.mx\/index.php?rest_route=\/wp\/v2\/posts\/3620","targetHints":{"allow":["GET"]}}],"collection":[{"href":"https:\/\/www.plurinominal.com.mx\/index.php?rest_route=\/wp\/v2\/posts"}],"about":[{"href":"https:\/\/www.plurinominal.com.mx\/index.php?rest_route=\/wp\/v2\/types\/post"}],"author":[{"embeddable":true,"href":"https:\/\/www.plurinominal.com.mx\/index.php?rest_route=\/wp\/v2\/users\/1"}],"replies":[{"embeddable":true,"href":"https:\/\/www.plurinominal.com.mx\/index.php?rest_route=%2Fwp%2Fv2%2Fcomments&post=3620"}],"version-history":[{"count":0,"href":"https:\/\/www.plurinominal.com.mx\/index.php?rest_route=\/wp\/v2\/posts\/3620\/revisions"}],"wp:attachment":[{"href":"https:\/\/www.plurinominal.com.mx\/index.php?rest_route=%2Fwp%2Fv2%2Fmedia&parent=3620"}],"wp:term":[{"taxonomy":"category","embeddable":true,"href":"https:\/\/www.plurinominal.com.mx\/index.php?rest_route=%2Fwp%2Fv2%2Fcategories&post=3620"},{"taxonomy":"post_tag","embeddable":true,"href":"https:\/\/www.plurinominal.com.mx\/index.php?rest_route=%2Fwp%2Fv2%2Ftags&post=3620"}],"curies":[{"name":"wp","href":"https:\/\/api.w.org\/{rel}","templated":true}]}}