{"id":3655,"date":"2012-08-09T11:49:39","date_gmt":"2012-08-09T16:49:39","guid":{"rendered":"http:\/\/www.plurinominal.com.mx\/?p=3655"},"modified":"2012-08-09T11:49:39","modified_gmt":"2012-08-09T16:49:39","slug":"dulce-montes-patrocinara-evento-cultural","status":"publish","type":"post","link":"https:\/\/www.plurinominal.com.mx\/?p=3655","title":{"rendered":"Dulce Montes patrocinar\u00e1 evento cultural"},"content":{"rendered":"<ul>\n<li>Ayuntamiento neg\u00f3 a \u00faltima hora apoyo a Javier Rodr\u00edguez<\/li>\n<\/ul>\n<figure id=\"attachment_3656\" aria-describedby=\"caption-attachment-3656\" style=\"width: 134px\" class=\"wp-caption alignright\"><a href=\"https:\/\/www.plurinominal.com.mx\/wp-content\/uploads\/7-dulce.jpg\"><img loading=\"lazy\" decoding=\"async\" class=\"size-full wp-image-3656\" title=\"7 dulce\" src=\"https:\/\/www.plurinominal.com.mx\/wp-content\/uploads\/7-dulce.jpg\" alt=\"\" width=\"134\" height=\"159\" \/><\/a><figcaption id=\"caption-attachment-3656\" class=\"wp-caption-text\">Dulce Montes, alcaldesa electa, ya comienza a trabajar.<\/figcaption><\/figure>\n<p><em>Rom\u00e1n G.- <\/em>Luego que la administraci\u00f3n encabezada por Erasmo Galv\u00e1n Nieto negara apoyo al Coordinador Javier Rodr\u00edguez para llevar a cabo un evento cultural en una comunidad, Dulce Montes, \u201calcaldesa electa\u201d procedi\u00f3 a dar luz verde al huapanguero.<br \/>\nSe trata de un evento promocionado por la Secretar\u00eda de Cultura del Gobierno del Estado, para el cual se pidi\u00f3 la coordinaci\u00f3n del departamento local.<br \/>\nEl proyecto denominado \u201cMuestra Intercultural Regional San Luis Potos\u00ed 2012\u201d, en un principio fue presentando a presidencia municipal que de inici\u00f3 asegur\u00f3 apoyarlo el 10 de agosto a las 8:00 de la noche en la comunidad de La Biznaga de esta cabecera, dentro de sus fiestas patronales en honor a San Lorenzo de M\u00e1rtir.<br \/>\nA \u00faltimo momento presidencia manifest\u00f3 no contar con los recursos necesarios para solventar los gastos, aunque la fecha ya estuviera confirmada con demasiada anterioridad.<br \/>\nLa Coordinaci\u00f3n de Cultura comenz\u00f3 la b\u00fasqueda de nuevos patrocinadores, siendo la ex candidata panista Dulce Montes Z\u00fa\u00f1iga quien brind\u00f3 su apoyo incondicional para la realizaci\u00f3n.<br \/>\nAl respecto, la autoridad municipal no ha mencionado comentario alguno de lo sucedido.<br \/>\nLa alcaldesa electa y el Sindicato de Trabajadores y Empleados al Servicio del ayuntamiento solventar\u00e1n los gastos.<br \/>\nDe acuerdo a los organizadores, la administraci\u00f3n de Galv\u00e1n Nieto con esta actitud ha dejado en claro su falta de seriedad ante la situaci\u00f3n a la que ya se hab\u00eda comprometido.<\/p>\n","protected":false},"excerpt":{"rendered":"<p>Ayuntamiento neg\u00f3 a \u00faltima hora apoyo a Javier Rodr\u00edguez Rom\u00e1n G.- Luego que la administraci\u00f3n encabezada por Erasmo Galv\u00e1n Nieto negara apoyo al Coordinador Javier Rodr\u00edguez para llevar a cabo&#8230;<\/p>\n","protected":false},"author":1,"featured_media":0,"comment_status":"closed","ping_status":"open","sticky":false,"template":"","format":"standard","meta":{"footnotes":""},"categories":[3],"tags":[],"class_list":["post-3655","post","type-post","status-publish","format-standard","hentry","category-cerritos","entry","simple"],"_links":{"self":[{"href":"https:\/\/www.plurinominal.com.mx\/index.php?rest_route=\/wp\/v2\/posts\/3655","targetHints":{"allow":["GET"]}}],"collection":[{"href":"https:\/\/www.plurinominal.com.mx\/index.php?rest_route=\/wp\/v2\/posts"}],"about":[{"href":"https:\/\/www.plurinominal.com.mx\/index.php?rest_route=\/wp\/v2\/types\/post"}],"author":[{"embeddable":true,"href":"https:\/\/www.plurinominal.com.mx\/index.php?rest_route=\/wp\/v2\/users\/1"}],"replies":[{"embeddable":true,"href":"https:\/\/www.plurinominal.com.mx\/index.php?rest_route=%2Fwp%2Fv2%2Fcomments&post=3655"}],"version-history":[{"count":0,"href":"https:\/\/www.plurinominal.com.mx\/index.php?rest_route=\/wp\/v2\/posts\/3655\/revisions"}],"wp:attachment":[{"href":"https:\/\/www.plurinominal.com.mx\/index.php?rest_route=%2Fwp%2Fv2%2Fmedia&parent=3655"}],"wp:term":[{"taxonomy":"category","embeddable":true,"href":"https:\/\/www.plurinominal.com.mx\/index.php?rest_route=%2Fwp%2Fv2%2Fcategories&post=3655"},{"taxonomy":"post_tag","embeddable":true,"href":"https:\/\/www.plurinominal.com.mx\/index.php?rest_route=%2Fwp%2Fv2%2Ftags&post=3655"}],"curies":[{"name":"wp","href":"https:\/\/api.w.org\/{rel}","templated":true}]}}