{"id":3694,"date":"2012-08-03T12:36:12","date_gmt":"2012-08-03T17:36:12","guid":{"rendered":"http:\/\/www.plurinominal.com.mx\/?p=3694"},"modified":"2012-08-09T12:38:55","modified_gmt":"2012-08-09T17:38:55","slug":"no-le-debemos-ni-un-cinco-a-nadie-quintero-luevano","status":"publish","type":"post","link":"https:\/\/www.plurinominal.com.mx\/?p=3694","title":{"rendered":"No le debemos ni un cinco a nadie: Quintero Lu\u00e9vano"},"content":{"rendered":"<figure id=\"attachment_3695\" aria-describedby=\"caption-attachment-3695\" style=\"width: 167px\" class=\"wp-caption alignright\"><a href=\"https:\/\/www.plurinominal.com.mx\/wp-content\/uploads\/16-jorge-quintero.jpg\"><img loading=\"lazy\" decoding=\"async\" class=\"size-full wp-image-3695\" title=\"16 jorge quintero\" src=\"https:\/\/www.plurinominal.com.mx\/wp-content\/uploads\/16-jorge-quintero.jpg\" alt=\"\" width=\"167\" height=\"125\" \/><\/a><figcaption id=\"caption-attachment-3695\" class=\"wp-caption-text\">Asegura el ex candidato que su campa\u00f1a fue financiada con aportaciones de simpatizantes.<\/figcaption><\/figure>\n<p><em>Francisco V.- <\/em>Durante el evento del pasado domingo, el ex candidato a la Presidencia Municipal Jorge Luis Quintero Lu\u00e9vano hizo frente a los comentarios en su contra.<br \/>\nAfirm\u00f3, que algunas personas mal intencionadas han expresado que se encuentra endeudado por los gastos realizados en la campa\u00f1a y aclar\u00f3, \u201cno le debemos ni un cinco a nadie\u201d.<br \/>\nDijo que todo lo realizado durante la campa\u00f1a fue gracias a la cooperaci\u00f3n de mucha gente, que de buena manera aport\u00f3 recursos.<br \/>\nSe\u00f1al\u00f3 que los comentarios trataron de influir en la decisi\u00f3n electoral de los ciudadanos, pero carecen de fundamento, \u201cson puras mentiras\u201d.<br \/>\nReconoci\u00f3 que recibi\u00f3 ataques inventados por los opositores.<br \/>\nAsegur\u00f3 que hasta ahora no tiene embargada su casa ni veh\u00edculo como tambi\u00e9n lo han afirmado.<br \/>\nSe indic\u00f3 que los que cooperaron, cuentan con recibos sobre lo aportado.<br \/>\nEntre los comentarios figura el hecho de que Quintero deb\u00eda m\u00e1s de 7 millones a un empresario local, y deseaba llegar a la Presidencia Municipal para pagar la deuda.<br \/>\nPri\u00edstas que acudieron al evento del fin de semana, consideran que el ex candidato del Partido Acci\u00f3n Nacional se encuentra m\u00e1s endeudado, pues hizo mayor derroche durante la campa\u00f1a interna as\u00ed como antes de la elecci\u00f3n.<\/p>\n","protected":false},"excerpt":{"rendered":"<p>Francisco V.- Durante el evento del pasado domingo, el ex candidato a la Presidencia Municipal Jorge Luis Quintero Lu\u00e9vano hizo frente a los comentarios en su contra. Afirm\u00f3, que algunas&#8230;<\/p>\n","protected":false},"author":1,"featured_media":0,"comment_status":"closed","ping_status":"open","sticky":false,"template":"","format":"standard","meta":{"footnotes":""},"categories":[463],"tags":[],"class_list":["post-3694","post","type-post","status-publish","format-standard","hentry","category-politica","entry","simple"],"_links":{"self":[{"href":"https:\/\/www.plurinominal.com.mx\/index.php?rest_route=\/wp\/v2\/posts\/3694","targetHints":{"allow":["GET"]}}],"collection":[{"href":"https:\/\/www.plurinominal.com.mx\/index.php?rest_route=\/wp\/v2\/posts"}],"about":[{"href":"https:\/\/www.plurinominal.com.mx\/index.php?rest_route=\/wp\/v2\/types\/post"}],"author":[{"embeddable":true,"href":"https:\/\/www.plurinominal.com.mx\/index.php?rest_route=\/wp\/v2\/users\/1"}],"replies":[{"embeddable":true,"href":"https:\/\/www.plurinominal.com.mx\/index.php?rest_route=%2Fwp%2Fv2%2Fcomments&post=3694"}],"version-history":[{"count":0,"href":"https:\/\/www.plurinominal.com.mx\/index.php?rest_route=\/wp\/v2\/posts\/3694\/revisions"}],"wp:attachment":[{"href":"https:\/\/www.plurinominal.com.mx\/index.php?rest_route=%2Fwp%2Fv2%2Fmedia&parent=3694"}],"wp:term":[{"taxonomy":"category","embeddable":true,"href":"https:\/\/www.plurinominal.com.mx\/index.php?rest_route=%2Fwp%2Fv2%2Fcategories&post=3694"},{"taxonomy":"post_tag","embeddable":true,"href":"https:\/\/www.plurinominal.com.mx\/index.php?rest_route=%2Fwp%2Fv2%2Ftags&post=3694"}],"curies":[{"name":"wp","href":"https:\/\/api.w.org\/{rel}","templated":true}]}}