{"id":3710,"date":"2012-07-31T13:22:55","date_gmt":"2012-07-31T18:22:55","guid":{"rendered":"http:\/\/www.plurinominal.com.mx\/?p=3710"},"modified":"2012-08-09T13:26:08","modified_gmt":"2012-08-09T18:26:08","slug":"mujeres-de-san-pedro-se-graduaron-en-taller-de-conservas-y-embutidos","status":"publish","type":"post","link":"https:\/\/www.plurinominal.com.mx\/?p=3710","title":{"rendered":"Mujeres de San Pedro se graduaron en taller de Conservas y Embutidos"},"content":{"rendered":"<figure id=\"attachment_3711\" aria-describedby=\"caption-attachment-3711\" style=\"width: 167px\" class=\"wp-caption alignright\"><a href=\"https:\/\/www.plurinominal.com.mx\/wp-content\/uploads\/20-embutidopsjpg.jpg\"><img loading=\"lazy\" decoding=\"async\" class=\"size-full wp-image-3711\" title=\"Embutidos\" src=\"https:\/\/www.plurinominal.com.mx\/wp-content\/uploads\/20-embutidopsjpg.jpg\" alt=\"\" width=\"167\" height=\"125\" \/><\/a><figcaption id=\"caption-attachment-3711\" class=\"wp-caption-text\">Se capacitaron a trav\u00e9s de un programa de becas.<\/figcaption><\/figure>\n<p><em>Rom\u00e1n G.-<\/em> Tras 2 meses de intensas actividades, este jueves 26 de julio, madres de familia pertenecientes a la comunidad de San Pedro de los Hern\u00e1ndez de este municipio, llevaron a cabo la clausura del Taller de Conservas y Embutidos dentro del programa del Sistema Nacional de Empleo \u201cB\u00e9cate\u201d.<br \/>\nEl curso a cargo del Profesor Donaciano Garc\u00eda Pineda, estuvo encaminado a la capacitaci\u00f3n de las madres de familia en la correcta elaboraci\u00f3n de productos tales como quesos, chorizo, pan y productos derivados de la soya.<br \/>\nCada madre de familia, ser\u00e1 beneficiada con un est\u00edmulo econ\u00f3mico de $1,581.60 por mes.<br \/>\nLuego de la entrega de los certificados a cada integrante del taller en manos de autoridades del SNE (Sistema Nacional de Empleo) de la ciudad de Rioverde, se procedi\u00f3 a la demostraci\u00f3n de los productos elaborados durante estos 2 meses de aprendizaje.<br \/>\nCon esta capacitaci\u00f3n, el grupo de madres de familia tendr\u00e1 la oportunidad de gestionar el equipamiento de un nuevo taller de embutidos a trav\u00e9s de SNE que asegur\u00f3 continuar trabajando con las autoridades municipales para gestionar nuevos talleres de capacitaci\u00f3n.<br \/>\nLas madres de familia agradecieron el apoyo brindado por el Profesor Donaciano Garc\u00eda, principal responsable de que el curso tuviera \u00e9xito.<br \/>\nEl taller de Conservas y Embutidos se pone a disposici\u00f3n de nuestra ciudadan\u00eda cerritense a trav\u00e9s del tel\u00e9fono 8632473, invitando a disfrutar los productos de primer nivel elaborados 100% por manos cerritenses.<\/p>\n","protected":false},"excerpt":{"rendered":"<p>Rom\u00e1n G.- Tras 2 meses de intensas actividades, este jueves 26 de julio, madres de familia pertenecientes a la comunidad de San Pedro de los Hern\u00e1ndez de este municipio, llevaron&#8230;<\/p>\n","protected":false},"author":1,"featured_media":0,"comment_status":"closed","ping_status":"open","sticky":false,"template":"","format":"standard","meta":{"footnotes":""},"categories":[3],"tags":[],"class_list":["post-3710","post","type-post","status-publish","format-standard","hentry","category-cerritos","entry","simple"],"_links":{"self":[{"href":"https:\/\/www.plurinominal.com.mx\/index.php?rest_route=\/wp\/v2\/posts\/3710","targetHints":{"allow":["GET"]}}],"collection":[{"href":"https:\/\/www.plurinominal.com.mx\/index.php?rest_route=\/wp\/v2\/posts"}],"about":[{"href":"https:\/\/www.plurinominal.com.mx\/index.php?rest_route=\/wp\/v2\/types\/post"}],"author":[{"embeddable":true,"href":"https:\/\/www.plurinominal.com.mx\/index.php?rest_route=\/wp\/v2\/users\/1"}],"replies":[{"embeddable":true,"href":"https:\/\/www.plurinominal.com.mx\/index.php?rest_route=%2Fwp%2Fv2%2Fcomments&post=3710"}],"version-history":[{"count":0,"href":"https:\/\/www.plurinominal.com.mx\/index.php?rest_route=\/wp\/v2\/posts\/3710\/revisions"}],"wp:attachment":[{"href":"https:\/\/www.plurinominal.com.mx\/index.php?rest_route=%2Fwp%2Fv2%2Fmedia&parent=3710"}],"wp:term":[{"taxonomy":"category","embeddable":true,"href":"https:\/\/www.plurinominal.com.mx\/index.php?rest_route=%2Fwp%2Fv2%2Fcategories&post=3710"},{"taxonomy":"post_tag","embeddable":true,"href":"https:\/\/www.plurinominal.com.mx\/index.php?rest_route=%2Fwp%2Fv2%2Ftags&post=3710"}],"curies":[{"name":"wp","href":"https:\/\/api.w.org\/{rel}","templated":true}]}}