{"id":3714,"date":"2012-08-03T13:34:23","date_gmt":"2012-08-03T18:34:23","guid":{"rendered":"http:\/\/www.plurinominal.com.mx\/?p=3714"},"modified":"2012-08-09T13:34:32","modified_gmt":"2012-08-09T18:34:32","slug":"declaracion-de-rodolfo-gallegos-no-prueba-nada-pan","status":"publish","type":"post","link":"https:\/\/www.plurinominal.com.mx\/?p=3714","title":{"rendered":"Declaraci\u00f3n de Rodolfo Gallegos no prueba nada: PAN"},"content":{"rendered":"<figure id=\"attachment_3715\" aria-describedby=\"caption-attachment-3715\" style=\"width: 167px\" class=\"wp-caption alignright\"><a href=\"https:\/\/www.plurinominal.com.mx\/wp-content\/uploads\/24-rodo.jpg\"><img loading=\"lazy\" decoding=\"async\" class=\"size-full wp-image-3715\" title=\"24 rodo\" src=\"https:\/\/www.plurinominal.com.mx\/wp-content\/uploads\/24-rodo.jpg\" alt=\"\" width=\"167\" height=\"203\" \/><\/a><figcaption id=\"caption-attachment-3715\" class=\"wp-caption-text\">Rodolfo Gallegos. ARCHIVO PN.<\/figcaption><\/figure>\n<p><em>Rom\u00e1n G.- <\/em>Asegurando que la declaraci\u00f3n del Presidente del Comit\u00e9 del Partido Revolucionario Institucional no constituye prueba alguna en el juicio de nulidad iniciado, fue como panistas se expresaron en torno de la declaraci\u00f3n del comerciante.<br \/>\nEl equipo de trabajo que respalda a Dulce Mar\u00eda Montes Z\u00fa\u00f1iga, presidenta electa, se ha mantenido al tanto de los acontecimientos alrededor de la demanda pri\u00edsta, asegurando que al igual que qued\u00f3 demostrado el primero de julio, Cerritos se pintar\u00e1 de azul con una cuarta administraci\u00f3n panista en la historia del municipio, que ser\u00e1 respaldada por la decisi\u00f3n de las autoridades electorales \u201cante un claro capricho del tricolor que por segunda vez no puede superar la derrota ni asimilar que Cerritos no los quiere\u201d.<br \/>\nA trav\u00e9s de pl\u00e1ticas con los diligentes panistas, los simpatizantes de este partido se han mantenido informados de los acontecimientos y procedencia de los sucesos m\u00e1s importantes alrededor de la pol\u00e9mica pero no se ha anunciado una reuni\u00f3n formal.<br \/>\nAhora la preocupaci\u00f3n de los albiazules, se centra al vaticinar que los pri\u00edstas ser\u00e1n los causantes de la desestabilizaci\u00f3n del orden social a trav\u00e9s de actos de protesta, en claras acciones desesperadas al no haber obtenido un triunfo rotundo, tal como ellos aseguraban en cada mitin.<br \/>\nCatalogan las acciones del PRI, como ir en contra de la palabra y voz del pueblo, muy lejos de la verdadera democracia que qued\u00f3 probada en las urnas, d\u00f3nde se llev\u00f3 a cabo \u201cuna elecci\u00f3n confiable, aut\u00e9ntica y transparente\u201d.<\/p>\n","protected":false},"excerpt":{"rendered":"<p>Rom\u00e1n G.- Asegurando que la declaraci\u00f3n del Presidente del Comit\u00e9 del Partido Revolucionario Institucional no constituye prueba alguna en el juicio de nulidad iniciado, fue como panistas se expresaron en&#8230;<\/p>\n","protected":false},"author":1,"featured_media":0,"comment_status":"closed","ping_status":"open","sticky":false,"template":"","format":"standard","meta":{"footnotes":""},"categories":[463],"tags":[],"class_list":["post-3714","post","type-post","status-publish","format-standard","hentry","category-politica","entry","simple"],"_links":{"self":[{"href":"https:\/\/www.plurinominal.com.mx\/index.php?rest_route=\/wp\/v2\/posts\/3714","targetHints":{"allow":["GET"]}}],"collection":[{"href":"https:\/\/www.plurinominal.com.mx\/index.php?rest_route=\/wp\/v2\/posts"}],"about":[{"href":"https:\/\/www.plurinominal.com.mx\/index.php?rest_route=\/wp\/v2\/types\/post"}],"author":[{"embeddable":true,"href":"https:\/\/www.plurinominal.com.mx\/index.php?rest_route=\/wp\/v2\/users\/1"}],"replies":[{"embeddable":true,"href":"https:\/\/www.plurinominal.com.mx\/index.php?rest_route=%2Fwp%2Fv2%2Fcomments&post=3714"}],"version-history":[{"count":0,"href":"https:\/\/www.plurinominal.com.mx\/index.php?rest_route=\/wp\/v2\/posts\/3714\/revisions"}],"wp:attachment":[{"href":"https:\/\/www.plurinominal.com.mx\/index.php?rest_route=%2Fwp%2Fv2%2Fmedia&parent=3714"}],"wp:term":[{"taxonomy":"category","embeddable":true,"href":"https:\/\/www.plurinominal.com.mx\/index.php?rest_route=%2Fwp%2Fv2%2Fcategories&post=3714"},{"taxonomy":"post_tag","embeddable":true,"href":"https:\/\/www.plurinominal.com.mx\/index.php?rest_route=%2Fwp%2Fv2%2Ftags&post=3714"}],"curies":[{"name":"wp","href":"https:\/\/api.w.org\/{rel}","templated":true}]}}