{"id":3723,"date":"2012-08-06T13:53:07","date_gmt":"2012-08-06T18:53:07","guid":{"rendered":"http:\/\/www.plurinominal.com.mx\/?p=3723"},"modified":"2012-08-09T13:55:53","modified_gmt":"2012-08-09T18:55:53","slug":"lugarenos-descubren-osamenta-en-el-sauz","status":"publish","type":"post","link":"https:\/\/www.plurinominal.com.mx\/?p=3723","title":{"rendered":"Lugare\u00f1os descubren osamenta en el Sa\u00faz, creen que es de Mamut"},"content":{"rendered":"<ul>\n<li>Podr\u00eda ser de otro Mamut, aseguran<\/li>\n<\/ul>\n<figure id=\"attachment_3724\" aria-describedby=\"caption-attachment-3724\" style=\"width: 142px\" class=\"wp-caption alignright\"><a href=\"https:\/\/www.plurinominal.com.mx\/wp-content\/uploads\/25-sauz-2.jpg\"><img loading=\"lazy\" decoding=\"async\" class=\"size-full wp-image-3724\" title=\"25 sauz 2\" src=\"https:\/\/www.plurinominal.com.mx\/wp-content\/uploads\/25-sauz-2.jpg\" alt=\"\" width=\"142\" height=\"70\" \/><\/a><figcaption id=\"caption-attachment-3724\" class=\"wp-caption-text\">Se cree que en El Sauz existe un \u00abcementerio de Mamuts\u00bb.<\/figcaption><\/figure>\n<p><em>Francisco V.-<\/em> Habitantes del Sa\u00faz informaron sobre el descubrimiento de una nueva osamenta.<br \/>\nSuponen que puede ser de otro mamut.<br \/>\nEn el Sa\u00faz, generalmente se encuentran huesos de gran tama\u00f1o, por eso piden a las autoridades que investiguen al respecto.<br \/>\nPara los habitantes resulta claro que en la zona existieron animales prehist\u00f3ricos.<br \/>\nA lo largo del arroyo se pueden ver enormes osamentas que posiblemente pertenecieron a ese tipo de animales.<br \/>\nRecordaron que hace alrededor de cinco a\u00f1os, se descubri\u00f3 un par de colmillos.<br \/>\nEn ese entonces el Instituto Nacional de Antropolog\u00eda e Historia llev\u00f3 a cabo los estudios pertinentes y la osamenta del mamut se encontraba completa.<br \/>\nSobre el pared\u00f3n se pod\u00edan percibir los colmillos y el cuerpo se encontraba un poco m\u00e1s adentro.<br \/>\nDurante el rescate, personal del Instituto Nacional de Antropolog\u00eda e Historia rescat\u00f3 una muela de cam\u00e9lido y la frente de otro animal de esa \u00e9poca.<br \/>\nLugare\u00f1os explicaron, que en esa ocasi\u00f3n la empresa cementera auxili\u00f3 con recursos para la extracci\u00f3n.<br \/>\nAhora, al caerse parte del pared\u00f3n del arroyo se pudo percibir un hueso de alrededor de 20 cent\u00edmetros de di\u00e1metro, pero no alcanzan a definir qu\u00e9 parte es.<br \/>\nDijeron que puede ser una pata o el colmillo del animal, pero al igual que en la ocasi\u00f3n pasada la osamenta del mamut podr\u00eda estar entera.<br \/>\nA trav\u00e9s de este medio hacen un llamado a las autoridades municipales, para qu\u00e9 comuniquen el hallazgo al Instituto Nacional de Antropolog\u00eda e Historia y eviten huesos da\u00f1ados o saqueos.<br \/>\nDijeron ignorar el destino de la osamenta del mamut que extrajo de esa comunidad personal del INAH.<br \/>\nExpresaron, que es su deseo que los huesos regresen a este municipio y sean exhibidos en el museo o Casa de la Cultura, y se compartan con la comunidad los recursos econ\u00f3micos que lleguen a reunir por la exhibici\u00f3n.<\/p>\n","protected":false},"excerpt":{"rendered":"<p>Podr\u00eda ser de otro Mamut, aseguran Francisco V.- Habitantes del Sa\u00faz informaron sobre el descubrimiento de una nueva osamenta. Suponen que puede ser de otro mamut. En el Sa\u00faz, generalmente&#8230;<\/p>\n","protected":false},"author":1,"featured_media":0,"comment_status":"closed","ping_status":"open","sticky":false,"template":"","format":"standard","meta":{"footnotes":""},"categories":[3],"tags":[],"class_list":["post-3723","post","type-post","status-publish","format-standard","hentry","category-cerritos","entry","simple"],"_links":{"self":[{"href":"https:\/\/www.plurinominal.com.mx\/index.php?rest_route=\/wp\/v2\/posts\/3723","targetHints":{"allow":["GET"]}}],"collection":[{"href":"https:\/\/www.plurinominal.com.mx\/index.php?rest_route=\/wp\/v2\/posts"}],"about":[{"href":"https:\/\/www.plurinominal.com.mx\/index.php?rest_route=\/wp\/v2\/types\/post"}],"author":[{"embeddable":true,"href":"https:\/\/www.plurinominal.com.mx\/index.php?rest_route=\/wp\/v2\/users\/1"}],"replies":[{"embeddable":true,"href":"https:\/\/www.plurinominal.com.mx\/index.php?rest_route=%2Fwp%2Fv2%2Fcomments&post=3723"}],"version-history":[{"count":0,"href":"https:\/\/www.plurinominal.com.mx\/index.php?rest_route=\/wp\/v2\/posts\/3723\/revisions"}],"wp:attachment":[{"href":"https:\/\/www.plurinominal.com.mx\/index.php?rest_route=%2Fwp%2Fv2%2Fmedia&parent=3723"}],"wp:term":[{"taxonomy":"category","embeddable":true,"href":"https:\/\/www.plurinominal.com.mx\/index.php?rest_route=%2Fwp%2Fv2%2Fcategories&post=3723"},{"taxonomy":"post_tag","embeddable":true,"href":"https:\/\/www.plurinominal.com.mx\/index.php?rest_route=%2Fwp%2Fv2%2Ftags&post=3723"}],"curies":[{"name":"wp","href":"https:\/\/api.w.org\/{rel}","templated":true}]}}