{"id":3744,"date":"2012-08-10T13:18:21","date_gmt":"2012-08-10T18:18:21","guid":{"rendered":"http:\/\/www.plurinominal.com.mx\/?p=3744"},"modified":"2012-08-10T13:26:30","modified_gmt":"2012-08-10T18:26:30","slug":"ordenan-elecciones-extraordinarias-para-cerritos","status":"publish","type":"post","link":"https:\/\/www.plurinominal.com.mx\/?p=3744","title":{"rendered":"Ordenan elecciones extraordinarias para Cerritos"},"content":{"rendered":"<figure id=\"attachment_3745\" aria-describedby=\"caption-attachment-3745\" style=\"width: 167px\" class=\"wp-caption alignright\"><a href=\"https:\/\/www.plurinominal.com.mx\/wp-content\/uploads\/resultados.jpg\"><img loading=\"lazy\" decoding=\"async\" class=\"size-full wp-image-3745\" title=\"RESULTADOS\" src=\"https:\/\/www.plurinominal.com.mx\/wp-content\/uploads\/resultados.jpg\" alt=\"\" width=\"167\" height=\"125\" \/><\/a><figcaption id=\"caption-attachment-3745\" class=\"wp-caption-text\">La legislaci\u00f3n electoral mexicana establece que una convocatoria de elecciones extraordinarias se tendr\u00eda que hacerse \u00ab45 d\u00edas despu\u00e9s de que concluya el proceso electoral\u00bb, aunque la ley no es muy precisa en relaci\u00f3n al tema. EN LA IMAGEN: Ciudadanos podr\u00edan obtener nuevos resultados si la medida ordenada se lleva a cabo en un lapso cercano de tiempo. No olvidemos que el PAN puede interponer recursos. ARCHIVO PN.<\/figcaption><\/figure>\n<p><em>Marco Serna, 13:19 PM.- <\/em>El resultado de la elecci\u00f3n presidencial del municipio cerritense, ha dado un giro radical.<br \/>\nLo anterior debido al sentido de la resoluci\u00f3n de autoridades electorales que convocaron a una nueva elecci\u00f3n extraordinaria en un lapso de 45 d\u00edas.<br \/>\nAs\u00ed lo informaron hace unos momentos asesores jur\u00eddicos del tricolor quienenes agregaron que la resoluci\u00f3n ya les fue notificada en domicilio de Rioverde.<br \/>\nAs\u00ed las cosas, se esperan datos m\u00e1s precisos sobre la determinaci\u00f3n fundamentada de autoridades.<br \/>\nSe sabe que los panistas no comparecieron al juicio como terceros perjudicados, donde el PRI solicitaba la nulidad del juicio electoral, as\u00ed como tambi\u00e9n quedara sin efecto la declaraci\u00f3n de validez y constancia de mayor\u00eda expedida a la planilla blanquiazul.<br \/>\nSe ignora si el PAN presentar\u00e1 alg\u00fan recurso de los que la ley concede.<br \/>\nDesde el inicio se ha dicho que el asunto llegar\u00e1 hasata la Sala Regional Monterrey que en junio ech\u00f3 abajo la candidatura de Juan Arturo Narv\u00e1ez Banda.<\/p>\n","protected":false},"excerpt":{"rendered":"<p>Marco Serna, 13:19 PM.- El resultado de la elecci\u00f3n presidencial del municipio cerritense, ha dado un giro radical. Lo anterior debido al sentido de la resoluci\u00f3n de autoridades electorales que&#8230;<\/p>\n","protected":false},"author":1,"featured_media":0,"comment_status":"closed","ping_status":"open","sticky":false,"template":"","format":"standard","meta":{"footnotes":""},"categories":[463],"tags":[],"class_list":["post-3744","post","type-post","status-publish","format-standard","hentry","category-politica","entry","simple"],"_links":{"self":[{"href":"https:\/\/www.plurinominal.com.mx\/index.php?rest_route=\/wp\/v2\/posts\/3744","targetHints":{"allow":["GET"]}}],"collection":[{"href":"https:\/\/www.plurinominal.com.mx\/index.php?rest_route=\/wp\/v2\/posts"}],"about":[{"href":"https:\/\/www.plurinominal.com.mx\/index.php?rest_route=\/wp\/v2\/types\/post"}],"author":[{"embeddable":true,"href":"https:\/\/www.plurinominal.com.mx\/index.php?rest_route=\/wp\/v2\/users\/1"}],"replies":[{"embeddable":true,"href":"https:\/\/www.plurinominal.com.mx\/index.php?rest_route=%2Fwp%2Fv2%2Fcomments&post=3744"}],"version-history":[{"count":0,"href":"https:\/\/www.plurinominal.com.mx\/index.php?rest_route=\/wp\/v2\/posts\/3744\/revisions"}],"wp:attachment":[{"href":"https:\/\/www.plurinominal.com.mx\/index.php?rest_route=%2Fwp%2Fv2%2Fmedia&parent=3744"}],"wp:term":[{"taxonomy":"category","embeddable":true,"href":"https:\/\/www.plurinominal.com.mx\/index.php?rest_route=%2Fwp%2Fv2%2Fcategories&post=3744"},{"taxonomy":"post_tag","embeddable":true,"href":"https:\/\/www.plurinominal.com.mx\/index.php?rest_route=%2Fwp%2Fv2%2Ftags&post=3744"}],"curies":[{"name":"wp","href":"https:\/\/api.w.org\/{rel}","templated":true}]}}