{"id":3759,"date":"2012-08-12T10:38:45","date_gmt":"2012-08-12T15:38:45","guid":{"rendered":"http:\/\/www.plurinominal.com.mx\/?p=3759"},"modified":"2012-08-12T10:38:45","modified_gmt":"2012-08-12T15:38:45","slug":"murio-en-accidente-trabajador-de-obras-publicas","status":"publish","type":"post","link":"https:\/\/www.plurinominal.com.mx\/?p=3759","title":{"rendered":"Muri\u00f3 en accidente trabajador de Obras P\u00fablicas"},"content":{"rendered":"<p>Redacci\u00f3n.- Trabajador de Obras P\u00fablicas del ayuntamiento, perdi\u00f3 la vida al caerle un pilar encima la madrugada de hoy. Las primeras versiones declaran que la v\u00edctima andaba tomada, por lo que result\u00f3 incapaz para evitar el accidente.<br \/>\nEn otros hechos, una persona fue encontrada con golpes de gravedad. Se le traslad\u00f3 urgentemente a la capital potosina, cuya identidad no ha sido revelada por autoridades debido a que carec\u00eda de identificaci\u00f3n. Los detalles en la edicion impresa.<\/p>\n","protected":false},"excerpt":{"rendered":"<p>Redacci\u00f3n.- Trabajador de Obras P\u00fablicas del ayuntamiento, perdi\u00f3 la vida al caerle un pilar encima la madrugada de hoy. Las primeras versiones declaran que la v\u00edctima andaba tomada, por lo&#8230;<\/p>\n","protected":false},"author":1,"featured_media":0,"comment_status":"closed","ping_status":"open","sticky":false,"template":"","format":"standard","meta":{"footnotes":""},"categories":[3],"tags":[],"class_list":["post-3759","post","type-post","status-publish","format-standard","hentry","category-cerritos","entry","simple"],"_links":{"self":[{"href":"https:\/\/www.plurinominal.com.mx\/index.php?rest_route=\/wp\/v2\/posts\/3759","targetHints":{"allow":["GET"]}}],"collection":[{"href":"https:\/\/www.plurinominal.com.mx\/index.php?rest_route=\/wp\/v2\/posts"}],"about":[{"href":"https:\/\/www.plurinominal.com.mx\/index.php?rest_route=\/wp\/v2\/types\/post"}],"author":[{"embeddable":true,"href":"https:\/\/www.plurinominal.com.mx\/index.php?rest_route=\/wp\/v2\/users\/1"}],"replies":[{"embeddable":true,"href":"https:\/\/www.plurinominal.com.mx\/index.php?rest_route=%2Fwp%2Fv2%2Fcomments&post=3759"}],"version-history":[{"count":0,"href":"https:\/\/www.plurinominal.com.mx\/index.php?rest_route=\/wp\/v2\/posts\/3759\/revisions"}],"wp:attachment":[{"href":"https:\/\/www.plurinominal.com.mx\/index.php?rest_route=%2Fwp%2Fv2%2Fmedia&parent=3759"}],"wp:term":[{"taxonomy":"category","embeddable":true,"href":"https:\/\/www.plurinominal.com.mx\/index.php?rest_route=%2Fwp%2Fv2%2Fcategories&post=3759"},{"taxonomy":"post_tag","embeddable":true,"href":"https:\/\/www.plurinominal.com.mx\/index.php?rest_route=%2Fwp%2Fv2%2Ftags&post=3759"}],"curies":[{"name":"wp","href":"https:\/\/api.w.org\/{rel}","templated":true}]}}