{"id":376,"date":"2011-11-12T21:00:34","date_gmt":"2011-11-13T03:00:34","guid":{"rendered":"http:\/\/www.plurinominal.com.mx\/?p=376"},"modified":"2011-11-11T11:11:16","modified_gmt":"2011-11-11T17:11:16","slug":"tomas-de-leon-declino-en-favor-de-julio-reyes","status":"publish","type":"post","link":"https:\/\/www.plurinominal.com.mx\/?p=376","title":{"rendered":"Tomas de Le\u00f3n declin\u00f3 en favor de Julio Reyes"},"content":{"rendered":"<p>\u201cLo hizo por el bienestar del blanquiazul\u201d, explica <\/p>\n<p>Ma. del Carmen V.<br \/>\nDespu\u00e9s de varios encuentros sostenidos entre Tom\u00e1s de Le\u00f3n Hern\u00e1ndez y Julio Reyes Guzm\u00e1n, los \u201cprecandidatos\u201d llegaron al acuerdo de hacer a un lado los intereses personales y actuar \u201cpor el bienestar del blanquiazul\u201d.<br \/>\nDe Le\u00f3n Hern\u00e1ndez hasta hace unos d\u00edas era un firme aspirante a obtener la candidatura panista.<br \/>\nEl \u201camante del futbol\u201d comunic\u00f3 a Plurinominal, que por razones personales y en beneficio de su partido, decidi\u00f3 declinar en favor del empresario.<br \/>\nA\u00f1adi\u00f3 que desde ese momento se sumaba al proyecto que contempla llevar a la candidatura a Julio Reyes Guzm\u00e1n.<br \/>\nTomas de Le\u00f3n Hern\u00e1ndez agreg\u00f3, que lo importante no es tomar en cuenta los intereses propios, sino reconocer las fortalezas que se tienen como aspirante.<br \/>\nPensando en el bienestar de todos los cerritenses decidi\u00f3 declinar su candidatura en favor del empresario.<br \/>\nEl ahora ex aspirante se\u00f1al\u00f3 que el proyecto de Julio Reyes Guzm\u00e1n \u00abes sin duda alguna la mejor propuesta que necesita Cerritos\u00bb, e hizo una atenta invitaci\u00f3n a fomentar la unidad en su partido.<\/p>\n","protected":false},"excerpt":{"rendered":"<p>\u201cLo hizo por el bienestar del blanquiazul\u201d, explica Ma. del Carmen V. Despu\u00e9s de varios encuentros sostenidos entre Tom\u00e1s de Le\u00f3n Hern\u00e1ndez y Julio Reyes Guzm\u00e1n, los \u201cprecandidatos\u201d llegaron al&#8230;<\/p>\n","protected":false},"author":1,"featured_media":0,"comment_status":"closed","ping_status":"open","sticky":false,"template":"","format":"standard","meta":{"footnotes":""},"categories":[3],"tags":[79,84,58,200],"class_list":["post-376","post","type-post","status-publish","format-standard","hentry","category-cerritos","tag-cdm-pan","tag-julio-reyes","tag-pan","tag-tomas-de-leon","entry","simple"],"_links":{"self":[{"href":"https:\/\/www.plurinominal.com.mx\/index.php?rest_route=\/wp\/v2\/posts\/376","targetHints":{"allow":["GET"]}}],"collection":[{"href":"https:\/\/www.plurinominal.com.mx\/index.php?rest_route=\/wp\/v2\/posts"}],"about":[{"href":"https:\/\/www.plurinominal.com.mx\/index.php?rest_route=\/wp\/v2\/types\/post"}],"author":[{"embeddable":true,"href":"https:\/\/www.plurinominal.com.mx\/index.php?rest_route=\/wp\/v2\/users\/1"}],"replies":[{"embeddable":true,"href":"https:\/\/www.plurinominal.com.mx\/index.php?rest_route=%2Fwp%2Fv2%2Fcomments&post=376"}],"version-history":[{"count":0,"href":"https:\/\/www.plurinominal.com.mx\/index.php?rest_route=\/wp\/v2\/posts\/376\/revisions"}],"wp:attachment":[{"href":"https:\/\/www.plurinominal.com.mx\/index.php?rest_route=%2Fwp%2Fv2%2Fmedia&parent=376"}],"wp:term":[{"taxonomy":"category","embeddable":true,"href":"https:\/\/www.plurinominal.com.mx\/index.php?rest_route=%2Fwp%2Fv2%2Fcategories&post=376"},{"taxonomy":"post_tag","embeddable":true,"href":"https:\/\/www.plurinominal.com.mx\/index.php?rest_route=%2Fwp%2Fv2%2Ftags&post=376"}],"curies":[{"name":"wp","href":"https:\/\/api.w.org\/{rel}","templated":true}]}}