{"id":3774,"date":"2012-08-14T02:52:29","date_gmt":"2012-08-14T07:52:29","guid":{"rendered":"http:\/\/www.plurinominal.com.mx\/?p=3774"},"modified":"2012-08-14T02:52:29","modified_gmt":"2012-08-14T07:52:29","slug":"4-heridos","status":"publish","type":"post","link":"https:\/\/www.plurinominal.com.mx\/?p=3774","title":{"rendered":"4 heridos"},"content":{"rendered":"<figure id=\"attachment_3775\" aria-describedby=\"caption-attachment-3775\" style=\"width: 170px\" class=\"wp-caption alignright\"><a href=\"https:\/\/www.plurinominal.com.mx\/wp-content\/uploads\/Sin-t\u00edtulo-1.jpg\"><img loading=\"lazy\" decoding=\"async\" class=\"size-full wp-image-3775\" title=\"Autonave\" src=\"https:\/\/www.plurinominal.com.mx\/wp-content\/uploads\/Sin-t\u00edtulo-1.jpg\" alt=\"\" width=\"170\" height=\"113\" \/><\/a><figcaption id=\"caption-attachment-3775\" class=\"wp-caption-text\">La autonave derrap\u00f3. Los pasajeros resultaron heridos, una mujer con fracturas.<\/figcaption><\/figure>\n<p><em>Redacci\u00f3n, 2:44 AM.-<\/em> Autonave derrap\u00f3 frente a la empresa de cementos que se ubica frente a Estaci\u00f3n Monta\u00f1a debido a la llovizna que cay\u00f3 sobre la S\u00faper Carretera.<br \/>\nLos hechos reportados a las 00:30 AM de hoy, ocasionaron movilizaci\u00f3n tanto de polic\u00edas del estado como cuerpos de rescate.<br \/>\n4 heridos fueron llevados a recibir atenci\u00f3n al IMSS 41 de cerritos, que en estos momentos se declaran estables.<\/p>\n","protected":false},"excerpt":{"rendered":"<p>Redacci\u00f3n, 2:44 AM.- Autonave derrap\u00f3 frente a la empresa de cementos que se ubica frente a Estaci\u00f3n Monta\u00f1a debido a la llovizna que cay\u00f3 sobre la S\u00faper Carretera. Los hechos&#8230;<\/p>\n","protected":false},"author":1,"featured_media":0,"comment_status":"closed","ping_status":"open","sticky":false,"template":"","format":"standard","meta":{"footnotes":""},"categories":[3],"tags":[],"class_list":["post-3774","post","type-post","status-publish","format-standard","hentry","category-cerritos","entry","simple"],"_links":{"self":[{"href":"https:\/\/www.plurinominal.com.mx\/index.php?rest_route=\/wp\/v2\/posts\/3774","targetHints":{"allow":["GET"]}}],"collection":[{"href":"https:\/\/www.plurinominal.com.mx\/index.php?rest_route=\/wp\/v2\/posts"}],"about":[{"href":"https:\/\/www.plurinominal.com.mx\/index.php?rest_route=\/wp\/v2\/types\/post"}],"author":[{"embeddable":true,"href":"https:\/\/www.plurinominal.com.mx\/index.php?rest_route=\/wp\/v2\/users\/1"}],"replies":[{"embeddable":true,"href":"https:\/\/www.plurinominal.com.mx\/index.php?rest_route=%2Fwp%2Fv2%2Fcomments&post=3774"}],"version-history":[{"count":0,"href":"https:\/\/www.plurinominal.com.mx\/index.php?rest_route=\/wp\/v2\/posts\/3774\/revisions"}],"wp:attachment":[{"href":"https:\/\/www.plurinominal.com.mx\/index.php?rest_route=%2Fwp%2Fv2%2Fmedia&parent=3774"}],"wp:term":[{"taxonomy":"category","embeddable":true,"href":"https:\/\/www.plurinominal.com.mx\/index.php?rest_route=%2Fwp%2Fv2%2Fcategories&post=3774"},{"taxonomy":"post_tag","embeddable":true,"href":"https:\/\/www.plurinominal.com.mx\/index.php?rest_route=%2Fwp%2Fv2%2Ftags&post=3774"}],"curies":[{"name":"wp","href":"https:\/\/api.w.org\/{rel}","templated":true}]}}