{"id":3781,"date":"2012-08-18T21:35:05","date_gmt":"2012-08-19T02:35:05","guid":{"rendered":"http:\/\/www.plurinominal.com.mx\/?p=3781"},"modified":"2012-08-18T21:35:05","modified_gmt":"2012-08-19T02:35:05","slug":"pan-no-acatara-resolucion-de-tribunal-que-ordene-elecciones-extraordinarias","status":"publish","type":"post","link":"https:\/\/www.plurinominal.com.mx\/?p=3781","title":{"rendered":"PAN no acatar\u00e1 resoluci\u00f3n de tribunal que ordene elecciones extraordinarias"},"content":{"rendered":"<p>\u201cSe defender\u00e1 a cualquier costo la voluntad de los ciudadanos que ya decidieron en las urnas a sus autoridades\u201d, manifest\u00f3 Gama Basarte<\/p>\n<figure id=\"attachment_3782\" aria-describedby=\"caption-attachment-3782\" style=\"width: 142px\" class=\"wp-caption alignright\"><a href=\"https:\/\/www.plurinominal.com.mx\/wp-content\/uploads\/5-dulce.jpg\"><img loading=\"lazy\" decoding=\"async\" class=\"size-full wp-image-3782\" title=\"Dulce M.\" src=\"https:\/\/www.plurinominal.com.mx\/wp-content\/uploads\/5-dulce.jpg\" alt=\"\" width=\"142\" height=\"106\" \/><\/a><figcaption id=\"caption-attachment-3782\" class=\"wp-caption-text\">Esto no solamente me est\u00e1 afectando a m\u00ed como candidata que ya fui electa, ni al PAN. Esta decisi\u00f3n afecta a todos los cerritenses, inclusive a todos los potosinos, porque fuimos muchas personas las que participamos en este proceso electoral\u201d. Dijo Dulce Montes durante la rueda de prensa ofrecida en la capital este 14 de agosto.<\/figcaption><\/figure>\n<p><em>Marco Serna.-<\/em> La resoluci\u00f3n que ordene elecciones extraordinarias en el municipio de Cerritos no ser\u00e1 acatada ni porque lo ordene la autoridad, en este lugar ni en Aquism\u00f3n. As\u00ed lo inform\u00f3 al Comit\u00e9 Directivo Estatal del PAN a trav\u00e9s de un comunicado dirigido a Plurinominal con fecha 14 de agosto.<br \/>\nEl documento enviado a este medio, por Enrique Hern\u00e1ndez, asegura \u201cdefender a cualquier costo la voluntad de los ciudadanos que decidieron en las urnas a sus autoridades municipales\u201d.<br \/>\nLo anterior de acuerdo a los enunciados del presidente del CDE del PAN, Marco Antonio Gama Basarte, quien en rueda de prensa, exigi\u00f3 a los magistrados de Tribunal Electoral del Estado \u201cque act\u00faen con estricto apego a derecho\u201d.<br \/>\nAsimismo, Gama Basarte declar\u00f3, \u201cqueremos ser muy enf\u00e1ticos en que estamos como en un inicio por defender nuestros triunfos y no estamos en la disposici\u00f3n de ir a nuevas elecciones\u201d.<br \/>\nAcompa\u00f1ado de los candidatos que recibieron su constancia de mayor\u00eda, Dulce Ma. Montes Z\u00fa\u00f1iga y V\u00edctor Mart\u00ednez Guerrero, \u2013de Cerritos y Aquism\u00f3n, respectivamente\u2013 as\u00ed como de Arturo Narv\u00e1ez, \u2013candidato inhabilitado en Cerritos\u2013 adem\u00e1s del Secretario General del CDE del PAN, Arturo Ramos Medell\u00edn y los diputados locales electos, Miguel Maza y Rub\u00e9n Guajardo Barrera, as\u00ed como del diputado federal electo, Enrique Alejandro Flores, Marco Antonio Gama Basarte calific\u00f3 de desliz jur\u00eddico los fallos emitidos por los magistrados de Ciudad Valles y Rioverde.<br \/>\nRespecto al caso de Cerritos, donde se pretende realizar nuevas elecciones, Arturo Narv\u00e1ez con un ejemplar de Plurinominal en la mano, se\u00f1al\u00f3 que la resoluci\u00f3n del magistrado del Tribunal Electoral, les caus\u00f3 11 agravios y \u201cest\u00e1 basada en situaciones subjetivas\u201d, entre las que se encuentran \u201cevocaciones religiosas\u201d.<br \/>\nLa candidata que obtuvo su constancia de mayor\u00eda en Cerritos, Dulce Mar\u00eda Montes Z\u00fa\u00f1iga, reiter\u00f3 que ella junto con la dirigencia estatal y nacional del PAN, van a defender a como d\u00e9 lugar la decisi\u00f3n expresada por los cerritenses en las urnas, el pasado 1 de julio.<\/p>\n","protected":false},"excerpt":{"rendered":"<p>\u201cSe defender\u00e1 a cualquier costo la voluntad de los ciudadanos que ya decidieron en las urnas a sus autoridades\u201d, manifest\u00f3 Gama Basarte Marco Serna.- La resoluci\u00f3n que ordene elecciones extraordinarias&#8230;<\/p>\n","protected":false},"author":1,"featured_media":0,"comment_status":"closed","ping_status":"open","sticky":false,"template":"","format":"standard","meta":{"footnotes":""},"categories":[463],"tags":[],"class_list":["post-3781","post","type-post","status-publish","format-standard","hentry","category-politica","entry","simple"],"_links":{"self":[{"href":"https:\/\/www.plurinominal.com.mx\/index.php?rest_route=\/wp\/v2\/posts\/3781","targetHints":{"allow":["GET"]}}],"collection":[{"href":"https:\/\/www.plurinominal.com.mx\/index.php?rest_route=\/wp\/v2\/posts"}],"about":[{"href":"https:\/\/www.plurinominal.com.mx\/index.php?rest_route=\/wp\/v2\/types\/post"}],"author":[{"embeddable":true,"href":"https:\/\/www.plurinominal.com.mx\/index.php?rest_route=\/wp\/v2\/users\/1"}],"replies":[{"embeddable":true,"href":"https:\/\/www.plurinominal.com.mx\/index.php?rest_route=%2Fwp%2Fv2%2Fcomments&post=3781"}],"version-history":[{"count":0,"href":"https:\/\/www.plurinominal.com.mx\/index.php?rest_route=\/wp\/v2\/posts\/3781\/revisions"}],"wp:attachment":[{"href":"https:\/\/www.plurinominal.com.mx\/index.php?rest_route=%2Fwp%2Fv2%2Fmedia&parent=3781"}],"wp:term":[{"taxonomy":"category","embeddable":true,"href":"https:\/\/www.plurinominal.com.mx\/index.php?rest_route=%2Fwp%2Fv2%2Fcategories&post=3781"},{"taxonomy":"post_tag","embeddable":true,"href":"https:\/\/www.plurinominal.com.mx\/index.php?rest_route=%2Fwp%2Fv2%2Ftags&post=3781"}],"curies":[{"name":"wp","href":"https:\/\/api.w.org\/{rel}","templated":true}]}}