{"id":3793,"date":"2012-08-21T01:23:45","date_gmt":"2012-08-21T06:23:45","guid":{"rendered":"http:\/\/www.plurinominal.com.mx\/?p=3793"},"modified":"2012-08-21T01:23:45","modified_gmt":"2012-08-21T06:23:45","slug":"no-somos-juguete-de-ningun-partido-ciudadanos","status":"publish","type":"post","link":"https:\/\/www.plurinominal.com.mx\/?p=3793","title":{"rendered":"No somos juguete de ning\u00fan partido: Ciudadanos"},"content":{"rendered":"<ul>\n<li>Aseguran que no votar\u00e1n en caso de elecci\u00f3n extraordinaria<\/li>\n<li>Conflicto perjudica a la sociedad, pero m\u00e1s a los que intentan obtener trabajo en la siguiente administraci\u00f3n, precisan<\/li>\n<\/ul>\n<p><em>Del equipo de redacci\u00f3n, con datos de Rom\u00e1n G.-<\/em> Las declaraciones de algunos simpatizantes panistas y pri\u00edstas, han causado asombro.<br \/>\nEllos dicen que en caso de declararse una elecci\u00f3n extraordinaria, no acudir\u00e1n a votar por segunda vez.<br \/>\nHubo quien dijo en tono molesto, \u201cno soy juguete de ning\u00fan partido, mucho menos de la conveniencia de otros\u201d.<br \/>\nDeclaraciones en el mismo sentido se escuchan entre individuos de diverso estrato social.<br \/>\nUn n\u00famero considerable de ciudadanos, reconoce que el conflicto pol\u00edtico perjudica a la sociedad, pero m\u00e1s a algunos \u201cesperanzados a obtener un jale en la presidencia del municipio con el cual subsistir\u00e1n por 3 a\u00f1os\u201d.<br \/>\n\u201cComo ciudadanos ya votamos. Ejercimos nuestro derecho, pero eso no significa que simpaticemos con los problemas que enfrentan PAN y PRI\u201d. \u201cSi lo vuelvo a hacer, no ser\u00e1 en favor de ninguno de \u00e9stos partidos, ya fastidiaron\u201d. Indic\u00f3 otro inconforme.<br \/>\nCon comentarios como \u00e9stos, se espera primero el fallo de un tribunal electoral, que de ordenar la elecci\u00f3n extraordinaria, arrojar\u00eda un resultado distinto, al menos en cifras.<br \/>\nAhora bien, mientras el PAN dijo que no aceptar\u00e1 el fallo en este sentido, ya present\u00f3 recurso ante autoridad competente, dado as\u00ed inicio a la segunda instancia del conflicto.<br \/>\nEllos de antemano, iniciaron reuniones de informaci\u00f3n en diversos sectores en la cabecera e hicieron un llamado a la resistencia civil que tiene como objetivo tambi\u00e9n el cierre de los principales accesos a la cabecera, esto s\u00f3lo si la autoridad confirma la primera decisi\u00f3n.<\/p>\n","protected":false},"excerpt":{"rendered":"<p>Aseguran que no votar\u00e1n en caso de elecci\u00f3n extraordinaria Conflicto perjudica a la sociedad, pero m\u00e1s a los que intentan obtener trabajo en la siguiente administraci\u00f3n, precisan Del equipo de&#8230;<\/p>\n","protected":false},"author":1,"featured_media":0,"comment_status":"closed","ping_status":"open","sticky":false,"template":"","format":"standard","meta":{"footnotes":""},"categories":[463],"tags":[],"class_list":["post-3793","post","type-post","status-publish","format-standard","hentry","category-politica","entry","simple"],"_links":{"self":[{"href":"https:\/\/www.plurinominal.com.mx\/index.php?rest_route=\/wp\/v2\/posts\/3793","targetHints":{"allow":["GET"]}}],"collection":[{"href":"https:\/\/www.plurinominal.com.mx\/index.php?rest_route=\/wp\/v2\/posts"}],"about":[{"href":"https:\/\/www.plurinominal.com.mx\/index.php?rest_route=\/wp\/v2\/types\/post"}],"author":[{"embeddable":true,"href":"https:\/\/www.plurinominal.com.mx\/index.php?rest_route=\/wp\/v2\/users\/1"}],"replies":[{"embeddable":true,"href":"https:\/\/www.plurinominal.com.mx\/index.php?rest_route=%2Fwp%2Fv2%2Fcomments&post=3793"}],"version-history":[{"count":0,"href":"https:\/\/www.plurinominal.com.mx\/index.php?rest_route=\/wp\/v2\/posts\/3793\/revisions"}],"wp:attachment":[{"href":"https:\/\/www.plurinominal.com.mx\/index.php?rest_route=%2Fwp%2Fv2%2Fmedia&parent=3793"}],"wp:term":[{"taxonomy":"category","embeddable":true,"href":"https:\/\/www.plurinominal.com.mx\/index.php?rest_route=%2Fwp%2Fv2%2Fcategories&post=3793"},{"taxonomy":"post_tag","embeddable":true,"href":"https:\/\/www.plurinominal.com.mx\/index.php?rest_route=%2Fwp%2Fv2%2Ftags&post=3793"}],"curies":[{"name":"wp","href":"https:\/\/api.w.org\/{rel}","templated":true}]}}