{"id":380,"date":"2011-11-10T11:12:34","date_gmt":"2011-11-10T17:12:34","guid":{"rendered":"http:\/\/www.plurinominal.com.mx\/?p=380"},"modified":"2011-11-11T11:12:54","modified_gmt":"2011-11-11T17:12:54","slug":"el-calolo-tomara-protesta-al-cdm-del-pri-en-las-instalaciones-del-partido","status":"publish","type":"post","link":"https:\/\/www.plurinominal.com.mx\/?p=380","title":{"rendered":"\u00abEl Calolo\u00bb tomar\u00e1 protesta al CDM del PRI en las instalaciones del partido"},"content":{"rendered":"<p>Ma. del Carmen V.<br \/>\nDesde el martes ocho de noviembre, el Comit\u00e9 Directivo Municipal del PRI convoc\u00f3 a todas las comisiones del partido para tomar acuerdos y recibir al Presidente Estatal, Fernando P\u00e9rez Espinoza conocido como \u00abEl Calolo\u00bb, de quien se dijo, estar\u00e1 en Cerritos el viernes 11 de Noviembre para tomar protesta al Comit\u00e9 Directivo Municipal.<br \/>\nLa reuni\u00f3n se llev\u00f3 a cabo a las 20:00 horas en las instalaciones del PRI.<br \/>\nSe not\u00f3 entre el p\u00fablico al Presidente del partido Rodolfo Gallegos, la Secretaria General Rosario Torres, el cuarto Regidor Rafael Nava Ruiz, la Licenciada Leticia V\u00e1zquez Hern\u00e1ndez, el Profesor Octaviano de Le\u00f3n Mata, el Licenciado Pedro Antonio Castillo y el Profesor Jorge Luis Quintero Lu\u00e9vano, entre otros.<br \/>\nAl tomar la palabra Rodolfo Gallegos dijo, que la reuni\u00f3n b\u00e1sicamente era para organizar la toma de protesta del Comit\u00e9 Directivo Municipal.<br \/>\nEl comerciante inform\u00f3 que Fernando P\u00e9rez Espinoza estar\u00e1 en Cerritos el pr\u00f3ximo viernes 11 de noviembre, a las 11:00 de la ma\u00f1ana.<br \/>\nGallegos coment\u00f3 que se espera la presencia de aproximadamente 100 personas entre Consejeros propietarios y suplentes y se extender\u00e1 la invitaci\u00f3n a todos  los miembros a trav\u00e9s de perifoneo, aunque se reconoci\u00f3 que por el d\u00eda y la hora ser\u00e1n pocas las personas que acudan.<br \/>\nEn la reuni\u00f3n se inform\u00f3 que hasta ese momento ya se hab\u00eda invitado a m\u00e1s de la mitad de Consejeros propietarios y suplentes.<br \/>\nEl Regidor Rafael Nava Ruiz, mostr\u00f3 a este medio el documento donde se espec\u00edfica que estar\u00e1 presente el Licenciado Fernando P\u00e9rez Espinoza.<br \/>\nComo se recordar\u00e1, la toma fue pospuesta en una ocasi\u00f3n hasta no contar con la presencia de \u201cEl Calolo\u201d.<\/p>\n","protected":false},"excerpt":{"rendered":"<p>Ma. del Carmen V. Desde el martes ocho de noviembre, el Comit\u00e9 Directivo Municipal del PRI convoc\u00f3 a todas las comisiones del partido para tomar acuerdos y recibir al Presidente&#8230;<\/p>\n","protected":false},"author":1,"featured_media":0,"comment_status":"closed","ping_status":"open","sticky":false,"template":"","format":"standard","meta":{"footnotes":""},"categories":[3],"tags":[53,52],"class_list":["post-380","post","type-post","status-publish","format-standard","hentry","category-cerritos","tag-calolo","tag-pri","entry","simple"],"_links":{"self":[{"href":"https:\/\/www.plurinominal.com.mx\/index.php?rest_route=\/wp\/v2\/posts\/380","targetHints":{"allow":["GET"]}}],"collection":[{"href":"https:\/\/www.plurinominal.com.mx\/index.php?rest_route=\/wp\/v2\/posts"}],"about":[{"href":"https:\/\/www.plurinominal.com.mx\/index.php?rest_route=\/wp\/v2\/types\/post"}],"author":[{"embeddable":true,"href":"https:\/\/www.plurinominal.com.mx\/index.php?rest_route=\/wp\/v2\/users\/1"}],"replies":[{"embeddable":true,"href":"https:\/\/www.plurinominal.com.mx\/index.php?rest_route=%2Fwp%2Fv2%2Fcomments&post=380"}],"version-history":[{"count":0,"href":"https:\/\/www.plurinominal.com.mx\/index.php?rest_route=\/wp\/v2\/posts\/380\/revisions"}],"wp:attachment":[{"href":"https:\/\/www.plurinominal.com.mx\/index.php?rest_route=%2Fwp%2Fv2%2Fmedia&parent=380"}],"wp:term":[{"taxonomy":"category","embeddable":true,"href":"https:\/\/www.plurinominal.com.mx\/index.php?rest_route=%2Fwp%2Fv2%2Fcategories&post=380"},{"taxonomy":"post_tag","embeddable":true,"href":"https:\/\/www.plurinominal.com.mx\/index.php?rest_route=%2Fwp%2Fv2%2Ftags&post=380"}],"curies":[{"name":"wp","href":"https:\/\/api.w.org\/{rel}","templated":true}]}}