{"id":3800,"date":"2012-08-21T15:52:56","date_gmt":"2012-08-21T20:52:56","guid":{"rendered":"http:\/\/www.plurinominal.com.mx\/?p=3800"},"modified":"2012-08-21T15:52:56","modified_gmt":"2012-08-21T20:52:56","slug":"acusan-a-gobernador-de-haber-influido-en-resolucion-electoral","status":"publish","type":"post","link":"https:\/\/www.plurinominal.com.mx\/?p=3800","title":{"rendered":"Acusan a Gobernador de haber influido en resoluci\u00f3n electoral"},"content":{"rendered":"<p>\u201cEst\u00e1 metido hasta los codos\u201d, han asegurado afectados<\/p>\n<figure id=\"attachment_3801\" aria-describedby=\"caption-attachment-3801\" style=\"width: 283px\" class=\"wp-caption alignright\"><a href=\"https:\/\/www.plurinominal.com.mx\/wp-content\/uploads\/427536_3414390170726_1105191794_n.jpg\"><img loading=\"lazy\" decoding=\"async\" class=\"size-full wp-image-3801\" title=\"IMAGEN DIFAMATORIA\" src=\"https:\/\/www.plurinominal.com.mx\/wp-content\/uploads\/427536_3414390170726_1105191794_n.jpg\" alt=\"\" width=\"283\" height=\"235\" \/><\/a><figcaption id=\"caption-attachment-3801\" class=\"wp-caption-text\">Esta imagen se comparte entre las redes sociales.<\/figcaption><\/figure>\n<p><em>Marco Serna.-<\/em> Con imagen que ya esta siendo compartida en diferentes cuentas de Facebook, se menciona en forma ofensiva que el Gobernador del estado, \u201cmueve al IFE\u201d.<br \/>\nUna nueva red de publicidad ofensiva, que surge luego de mencionarse en primera instancia que en Cerritos habr\u00e1 elecciones extraordinarias, naci\u00f3 la semana pasada pero en contra del Gobernador Fernando Toranzo Fern\u00e1ndez, al que se acusa directamente de manejar a la gente del IFE.<br \/>\nVarias cuentas ya han compartido la imagen en la que aparece un sonriente personaje, vestido con camisa blanca, corbata roja y saco color negro, imagen que en sus costados muestra varias frases ofensivas que lo se\u00f1alan como el responsable que en Cerritos se enfrente una primera resoluci\u00f3n que convoca a elecciones extraordinarias, misma que deja sin efecto los resultados del primero de julio, al menos hasta ahora.<br \/>\nLas frases, \u2013que podr\u00edan ser achacadas a quienes afecta el primer resultado\u2013 dicen, \u201ca huevo tendr\u00e1 que gobernar el PRI\u201d (sic); \u201cen San Luis Potos\u00ed soy el que mueve a toda la gente pendeja del IFE\u2026 Para prueba, nuevas elecciones en Cerritos SLP\u201d.<br \/>\nDebajo de la imagen, reza la \u00faltima frase con letras may\u00fasculas: \u201cComparte, no permitamos que cambien lo que ya decidimos\u201d.<br \/>\nEstas frases e imagen, han sido publicadas en internet, a trav\u00e9s de las redes sociales, donde con un rastreo, se puede llegar a conocer la cuenta y fecha de quien y cuando la subi\u00f3 por vez primera.<br \/>\nPor otro lado, en las reuniones blanquiazules, as\u00ed como desde la revocaci\u00f3n de la candidatura del Notario, siempre se ha mencionado que el Gobernador \u201ctiene metidos hasta los codos\u201d en el asunto, con tal de arrebatar el resultado que obtuvieron los panistas.<br \/>\nLas afirmaciones constan en los videos de nuestro canal de Youtube, as\u00ed como en audios que este medio tambi\u00e9n tiene archivados.<\/p>\n","protected":false},"excerpt":{"rendered":"<p>\u201cEst\u00e1 metido hasta los codos\u201d, han asegurado afectados Marco Serna.- Con imagen que ya esta siendo compartida en diferentes cuentas de Facebook, se menciona en forma ofensiva que el Gobernador&#8230;<\/p>\n","protected":false},"author":1,"featured_media":0,"comment_status":"closed","ping_status":"open","sticky":false,"template":"","format":"standard","meta":{"footnotes":""},"categories":[463],"tags":[],"class_list":["post-3800","post","type-post","status-publish","format-standard","hentry","category-politica","entry","simple"],"_links":{"self":[{"href":"https:\/\/www.plurinominal.com.mx\/index.php?rest_route=\/wp\/v2\/posts\/3800","targetHints":{"allow":["GET"]}}],"collection":[{"href":"https:\/\/www.plurinominal.com.mx\/index.php?rest_route=\/wp\/v2\/posts"}],"about":[{"href":"https:\/\/www.plurinominal.com.mx\/index.php?rest_route=\/wp\/v2\/types\/post"}],"author":[{"embeddable":true,"href":"https:\/\/www.plurinominal.com.mx\/index.php?rest_route=\/wp\/v2\/users\/1"}],"replies":[{"embeddable":true,"href":"https:\/\/www.plurinominal.com.mx\/index.php?rest_route=%2Fwp%2Fv2%2Fcomments&post=3800"}],"version-history":[{"count":0,"href":"https:\/\/www.plurinominal.com.mx\/index.php?rest_route=\/wp\/v2\/posts\/3800\/revisions"}],"wp:attachment":[{"href":"https:\/\/www.plurinominal.com.mx\/index.php?rest_route=%2Fwp%2Fv2%2Fmedia&parent=3800"}],"wp:term":[{"taxonomy":"category","embeddable":true,"href":"https:\/\/www.plurinominal.com.mx\/index.php?rest_route=%2Fwp%2Fv2%2Fcategories&post=3800"},{"taxonomy":"post_tag","embeddable":true,"href":"https:\/\/www.plurinominal.com.mx\/index.php?rest_route=%2Fwp%2Fv2%2Ftags&post=3800"}],"curies":[{"name":"wp","href":"https:\/\/api.w.org\/{rel}","templated":true}]}}