{"id":3804,"date":"2012-08-15T20:55:55","date_gmt":"2012-08-16T01:55:55","guid":{"rendered":"http:\/\/www.plurinominal.com.mx\/?p=3804"},"modified":"2012-08-21T20:56:51","modified_gmt":"2012-08-22T01:56:51","slug":"cabildo-realizo-licitacion-de-la-unidad-francia","status":"publish","type":"post","link":"https:\/\/www.plurinominal.com.mx\/?p=3804","title":{"rendered":"Cabildo realiz\u00f3 licitaci\u00f3n de la Unidad Francia"},"content":{"rendered":"<ul>\n<li>Proyecto aprobado por ediles no contempla ba\u00f1os, cercado, drenaje ni alumbrado<\/li>\n<li>\u201cEs el m\u00e1s econ\u00f3mico\u201d, justificaron los ediles al dejar fuera a constructores locales<\/li>\n<\/ul>\n<p><em>Rom\u00e1n G.-<\/em> Este martes 14 de agosto, en las instalaciones de la Presidencia Municipal, se convoc\u00f3 a reuni\u00f3n de cabildo donde acudieron representantes de empresas interesadas en el proceso para licitar la Unidad Deportiva que se ubicar\u00e1 en el barrio de Francia.<br \/>\nEn la cita, fue notable la ausencia de miembros de las ligas municipales del deporte.<br \/>\nCerca de las 4:00 de la tarde, los ediles comenzaron con los an\u00e1lisis de documentaci\u00f3n y presupuestos de cada compa\u00f1\u00eda.<br \/>\nEn el lugar, se observ\u00f3 a representantes de 2 constructoras originarias de esta cabecera, al mando de Alfredo L\u00f3pez Guerrero y Roberto Reyes Vel\u00e1zquez Cansino.<br \/>\nTras una extensa y cuidadosa revisi\u00f3n de documentaci\u00f3n, a trav\u00e9s de votaci\u00f3n, la ganadora result\u00f3 ser la constructora representada por Ma. del Carmen Garc\u00eda Rosas, quien a la forma de ver de las autoridades fue la propuesta m\u00e1s econ\u00f3mica y que cumpli\u00f3 con la documentaci\u00f3n en regla, presentando una inversi\u00f3n cercana a 2 millones 134 mil pesos (con IVA incluido), ajust\u00e1ndose perfectamente al presupuesto entregado por la Comisi\u00f3n Nacional del Deporte (CONADE) de 2 millones 200 mil pesos.<br \/>\nAl respecto, Erasmo Galv\u00e1n Nieto, Presidente Constitucional del municipio, asegur\u00f3 que ser\u00e1 durante el transcurso de la semana cuando se conforme la comitiva que estar\u00e1 a cargo de la supervisi\u00f3n de obra de este nuevo recinto.<br \/>\nGalv\u00e1n Nieto acept\u00f3 que el proyecto no cubre las necesidades primarias de los deportistas, puesto que no contempla ba\u00f1os, cercado, drenaje ni alumbrado, \u201cpero representa una primera fase que pr\u00f3ximas administraciones deber\u00e1n tomar en cuenta para nuevos recursos federales en apoyo al deporte\u201d.<br \/>\nEl primer edil asegur\u00f3 desconocer la falta de participaci\u00f3n de las ligas en la licitaci\u00f3n, precisando que quienes conformen el comit\u00e9 de supervisi\u00f3n ser\u00e1n ciudadanos allegados a las necesidades del deporte cerritense.<\/p>\n","protected":false},"excerpt":{"rendered":"<p>Proyecto aprobado por ediles no contempla ba\u00f1os, cercado, drenaje ni alumbrado \u201cEs el m\u00e1s econ\u00f3mico\u201d, justificaron los ediles al dejar fuera a constructores locales Rom\u00e1n G.- Este martes 14 de&#8230;<\/p>\n","protected":false},"author":1,"featured_media":0,"comment_status":"closed","ping_status":"open","sticky":false,"template":"","format":"standard","meta":{"footnotes":""},"categories":[3],"tags":[],"class_list":["post-3804","post","type-post","status-publish","format-standard","hentry","category-cerritos","entry","simple"],"_links":{"self":[{"href":"https:\/\/www.plurinominal.com.mx\/index.php?rest_route=\/wp\/v2\/posts\/3804","targetHints":{"allow":["GET"]}}],"collection":[{"href":"https:\/\/www.plurinominal.com.mx\/index.php?rest_route=\/wp\/v2\/posts"}],"about":[{"href":"https:\/\/www.plurinominal.com.mx\/index.php?rest_route=\/wp\/v2\/types\/post"}],"author":[{"embeddable":true,"href":"https:\/\/www.plurinominal.com.mx\/index.php?rest_route=\/wp\/v2\/users\/1"}],"replies":[{"embeddable":true,"href":"https:\/\/www.plurinominal.com.mx\/index.php?rest_route=%2Fwp%2Fv2%2Fcomments&post=3804"}],"version-history":[{"count":0,"href":"https:\/\/www.plurinominal.com.mx\/index.php?rest_route=\/wp\/v2\/posts\/3804\/revisions"}],"wp:attachment":[{"href":"https:\/\/www.plurinominal.com.mx\/index.php?rest_route=%2Fwp%2Fv2%2Fmedia&parent=3804"}],"wp:term":[{"taxonomy":"category","embeddable":true,"href":"https:\/\/www.plurinominal.com.mx\/index.php?rest_route=%2Fwp%2Fv2%2Fcategories&post=3804"},{"taxonomy":"post_tag","embeddable":true,"href":"https:\/\/www.plurinominal.com.mx\/index.php?rest_route=%2Fwp%2Fv2%2Ftags&post=3804"}],"curies":[{"name":"wp","href":"https:\/\/api.w.org\/{rel}","templated":true}]}}