{"id":3813,"date":"2012-08-24T15:07:16","date_gmt":"2012-08-24T20:07:16","guid":{"rendered":"http:\/\/www.plurinominal.com.mx\/?p=3813"},"modified":"2012-08-24T15:07:16","modified_gmt":"2012-08-24T20:07:16","slug":"el-asunto-de-la-calle-prolongacion-independencia","status":"publish","type":"post","link":"https:\/\/www.plurinominal.com.mx\/?p=3813","title":{"rendered":"El asunto de la calle Prolongaci\u00f3n Independencia"},"content":{"rendered":"<p><em>Marco Serna.-<\/em> A los vecinos de la calle Prolongaci\u00f3n Independencia no les interesa en s\u00ed, porque se detuvieron los trabajos, sino que con urgencia se concluya esa arteria para poder ingresar a sus hogares no s\u00f3lo a trav\u00e9s de veh\u00edculos: Hasta en bicicletas y a pie.<br \/>\nRepentinamente, la obra se suspendi\u00f3, con excusas contradictorias entre las propias autoridades.<br \/>\nEl alcalde Erasmo Galv\u00e1n Nieto, a su regreso encontr\u00f3 con que se hab\u00eda contratado una constructora, y enunci\u00f3 que entre los conceptos del contrato no se contemplaba un tramo de su intersecci\u00f3n con Ju\u00e1rez, ni otro mucho mayor, en su trayecto hasta la 5 de mayo.<br \/>\nPor ello, Erasmo Galv\u00e1n insisti\u00f3 en un convenio modificatorio, d\u00f3nde la empresa se comprometer\u00eda a terminar en su totalidad la arteria.<br \/>\nPara asegurarse de lo pactado, el edil indic\u00f3 que se suspendi\u00f3 el recurso, hasta una vez firmado el convenio, puesto que al parecer se hab\u00eda hecho \u00e9ste \u00fanicamente de manera verbal, con lo que no se pod\u00eda exigir a la compa\u00f1\u00eda llevar a cabo lo necesario desde Ju\u00e1rez hasta 5 de Mayo.<br \/>\nDe acuerdo a los contratistas que firmaron el documento, se tiene planeado terminar la obra en un mes. Lo que se garantiz\u00f3 por la administraci\u00f3n.<br \/>\nSin embargo todav\u00eda este martes, la inconformidad continuaba, porque no se observaba voluntad de las partes en concluir la tarea, incluso se planeaba una manifestaci\u00f3n para presionar a las autoridades.<br \/>\nPor parte de la administraci\u00f3n de la alcaldesa interina, Irma Nubia Rodr\u00edguez Carbajal, muchos criticaron que la obra no se haya licitado del modo que indican los ordenamientos, y tambi\u00e9n se cuestion\u00f3 la manera en que fue entregada la obra a familiares de un funcionario.<br \/>\nPor el sector, se observ\u00f3 adem\u00e1s un cami\u00f3n cargado de cemento, material que algunos supusieron que se hab\u00eda regalado a la compa\u00f1\u00eda para llevar a cabo los trabajos, lo que aparte se realizar\u00eda con maquinaria del ayuntamiento, pero luego se asegur\u00f3 que la propia empresa ten\u00eda como responsabilidad proporcionar el material.<br \/>\nDestacaron adem\u00e1s, ciertas observaciones hechas por supervisores del ayuntamiento, que aseguraban deficiencias que este martes fueron negadas por los principales responsables.<br \/>\nSobre el tema, a los vecinos no les interesa m\u00e1s que la garant\u00eda de concluir los trabajos debido a las incomodidades que enfrentan.<br \/>\nEsta semana, en los tramos se formaron serias inundaciones por los aguaceros.<br \/>\nEl 21 de agosto, se asegur\u00f3 por autoridades que el recurso ser\u00eda liberado, al tiempo que con maquinaria del ayuntamiento se terminar\u00eda la obra a la brevedad.<\/p>\n","protected":false},"excerpt":{"rendered":"<p>Marco Serna.- A los vecinos de la calle Prolongaci\u00f3n Independencia no les interesa en s\u00ed, porque se detuvieron los trabajos, sino que con urgencia se concluya esa arteria para poder&#8230;<\/p>\n","protected":false},"author":1,"featured_media":3814,"comment_status":"closed","ping_status":"open","sticky":false,"template":"","format":"standard","meta":{"footnotes":""},"categories":[3],"tags":[],"class_list":["post-3813","post","type-post","status-publish","format-standard","has-post-thumbnail","hentry","category-cerritos","entry","simple"],"_links":{"self":[{"href":"https:\/\/www.plurinominal.com.mx\/index.php?rest_route=\/wp\/v2\/posts\/3813","targetHints":{"allow":["GET"]}}],"collection":[{"href":"https:\/\/www.plurinominal.com.mx\/index.php?rest_route=\/wp\/v2\/posts"}],"about":[{"href":"https:\/\/www.plurinominal.com.mx\/index.php?rest_route=\/wp\/v2\/types\/post"}],"author":[{"embeddable":true,"href":"https:\/\/www.plurinominal.com.mx\/index.php?rest_route=\/wp\/v2\/users\/1"}],"replies":[{"embeddable":true,"href":"https:\/\/www.plurinominal.com.mx\/index.php?rest_route=%2Fwp%2Fv2%2Fcomments&post=3813"}],"version-history":[{"count":0,"href":"https:\/\/www.plurinominal.com.mx\/index.php?rest_route=\/wp\/v2\/posts\/3813\/revisions"}],"wp:featuredmedia":[{"embeddable":true,"href":"https:\/\/www.plurinominal.com.mx\/index.php?rest_route=\/wp\/v2\/media\/3814"}],"wp:attachment":[{"href":"https:\/\/www.plurinominal.com.mx\/index.php?rest_route=%2Fwp%2Fv2%2Fmedia&parent=3813"}],"wp:term":[{"taxonomy":"category","embeddable":true,"href":"https:\/\/www.plurinominal.com.mx\/index.php?rest_route=%2Fwp%2Fv2%2Fcategories&post=3813"},{"taxonomy":"post_tag","embeddable":true,"href":"https:\/\/www.plurinominal.com.mx\/index.php?rest_route=%2Fwp%2Fv2%2Ftags&post=3813"}],"curies":[{"name":"wp","href":"https:\/\/api.w.org\/{rel}","templated":true}]}}