{"id":3816,"date":"2012-08-24T15:08:34","date_gmt":"2012-08-24T20:08:34","guid":{"rendered":"http:\/\/www.plurinominal.com.mx\/?p=3816"},"modified":"2012-08-24T15:08:34","modified_gmt":"2012-08-24T20:08:34","slug":"ayuntamiento-cancelo-celebracion-del-dia-de-la-bicicleta","status":"publish","type":"post","link":"https:\/\/www.plurinominal.com.mx\/?p=3816","title":{"rendered":"Ayuntamiento cancel\u00f3 celebraci\u00f3n del \u201cD\u00eda de la bicicleta\u201d"},"content":{"rendered":"<ul>\n<li>No hay recurso para gastos extras, aseguran<\/li>\n<\/ul>\n<p><em>Redacci\u00f3n.-<\/em> Justificadas en la ya tradicional \u201cfalta de recurso monetario\u201d, autoridades del municipio cerritense no celebraron el \u201cD\u00eda Mundial de la Bicicleta\u201d organizado por la jurisdicci\u00f3n sanitaria n\u00famero 04 de la ciudad de Rioverde.<br \/>\nEl anuncio oficial fue dado a conocer apenas este jueves 16 de agosto, a trav\u00e9s de la Secretaria General Norma Quintero Flores, quien manifest\u00f3 ante la Coordinaci\u00f3n de Deportes el no contar con recursos para gastos extras.<br \/>\nSe explic\u00f3 adem\u00e1s que la llegada de la pr\u00f3xima administraci\u00f3n tambi\u00e9n se encuentra cerca, y se trabaja en el \u00faltimo informe de gobierno.<br \/>\nTales afirmaciones, han sido constantes en el gobierno actual encabezado por Erasmo Galv\u00e1n Nieto, que argumentando la falta de recursos ha ignorado no \u00fanicamente celebraciones como la fecha en menci\u00f3n, sino festejos en favor de gremios que son un basti\u00f3n importante para Cerritos.<br \/>\nEn el presente asunto, se logr\u00f3 saber que la celebraci\u00f3n del D\u00eda de la Bicicleta, contar\u00eda con un recorrido por las principales calles del municipio donde se extender\u00eda la invitaci\u00f3n a todos los usuarios de la \u201cBici\u201d, para enfatizar en esta opci\u00f3n como medio de transporte.<br \/>\nEn otro a\u00f1o, este d\u00eda fue celebrado gracias a la participaci\u00f3n de cerritenses que apoyaron este movimiento de activaci\u00f3n f\u00edsica.<br \/>\nAsimismo, es com\u00fan que al dejar atr\u00e1s este medio que sirvi\u00f3 mucho tiempo como transporte personal del propio alcalde, ahora el centro de Cerritos se vea atiborrado de veh\u00edculos cuyos due\u00f1os generalmente son trabajadores del ayuntamiento, escuelas o negocios ubicados en la zona.<\/p>\n","protected":false},"excerpt":{"rendered":"<p>No hay recurso para gastos extras, aseguran Redacci\u00f3n.- Justificadas en la ya tradicional \u201cfalta de recurso monetario\u201d, autoridades del municipio cerritense no celebraron el \u201cD\u00eda Mundial de la Bicicleta\u201d organizado&#8230;<\/p>\n","protected":false},"author":1,"featured_media":3817,"comment_status":"closed","ping_status":"open","sticky":false,"template":"","format":"standard","meta":{"footnotes":""},"categories":[3],"tags":[],"class_list":["post-3816","post","type-post","status-publish","format-standard","has-post-thumbnail","hentry","category-cerritos","entry","simple"],"_links":{"self":[{"href":"https:\/\/www.plurinominal.com.mx\/index.php?rest_route=\/wp\/v2\/posts\/3816","targetHints":{"allow":["GET"]}}],"collection":[{"href":"https:\/\/www.plurinominal.com.mx\/index.php?rest_route=\/wp\/v2\/posts"}],"about":[{"href":"https:\/\/www.plurinominal.com.mx\/index.php?rest_route=\/wp\/v2\/types\/post"}],"author":[{"embeddable":true,"href":"https:\/\/www.plurinominal.com.mx\/index.php?rest_route=\/wp\/v2\/users\/1"}],"replies":[{"embeddable":true,"href":"https:\/\/www.plurinominal.com.mx\/index.php?rest_route=%2Fwp%2Fv2%2Fcomments&post=3816"}],"version-history":[{"count":0,"href":"https:\/\/www.plurinominal.com.mx\/index.php?rest_route=\/wp\/v2\/posts\/3816\/revisions"}],"wp:featuredmedia":[{"embeddable":true,"href":"https:\/\/www.plurinominal.com.mx\/index.php?rest_route=\/wp\/v2\/media\/3817"}],"wp:attachment":[{"href":"https:\/\/www.plurinominal.com.mx\/index.php?rest_route=%2Fwp%2Fv2%2Fmedia&parent=3816"}],"wp:term":[{"taxonomy":"category","embeddable":true,"href":"https:\/\/www.plurinominal.com.mx\/index.php?rest_route=%2Fwp%2Fv2%2Fcategories&post=3816"},{"taxonomy":"post_tag","embeddable":true,"href":"https:\/\/www.plurinominal.com.mx\/index.php?rest_route=%2Fwp%2Fv2%2Ftags&post=3816"}],"curies":[{"name":"wp","href":"https:\/\/api.w.org\/{rel}","templated":true}]}}