{"id":382,"date":"2011-11-13T09:00:12","date_gmt":"2011-11-13T15:00:12","guid":{"rendered":"http:\/\/www.plurinominal.com.mx\/?p=382"},"modified":"2011-11-11T11:13:55","modified_gmt":"2011-11-11T17:13:55","slug":"se-comercializa-%e2%80%9cagua-purificada%e2%80%9d-en-buenavista","status":"publish","type":"post","link":"https:\/\/www.plurinominal.com.mx\/?p=382","title":{"rendered":"Se comercializa \u201cagua purificada\u201d en Buenavista"},"content":{"rendered":"<p>Marco Serna<br \/>\nGuadalc\u00e1zar.- Ya se comercializa en la comunidad de Buenavista Guadalc\u00e1zar y alrededores el agua de la purificadora que fue inaugurada el viernes 4 de Noviembre.<br \/>\n\u201cSabemos que est\u00e1 dando resultados, y qu\u00e9 bueno, porque son trabajos que se gestionaron desde la administraci\u00f3n pasada y hoy rinden frutos\u201d. Mencion\u00f3 el alcalde \u00c1lvaro Gustavo Jim\u00e9nez Reyes al entregar la planta en funcionamiento.<br \/>\nRecord\u00f3 que fue gracias a la participaci\u00f3n entre gobierno y comunidad, que tambi\u00e9n pudo llevarse a cabo un \u201cbordo en la presa de arriba\u201d, y pr\u00f3ximamente se har\u00e1 entrega de una \u201cCasa de Salud\u201d.<br \/>\nJim\u00e9nez Reyes reconoci\u00f3 que \u201cson compromisos que antes nos echamos a cuestas, y estamos cumpliendo una parte. Aun hay m\u00e1s, todav\u00eda nos queda un a\u00f1o de trabajo y ya las autoridades de Buenavista como Santiago D\u00edaz y Manuel Noyola han hecho solicitudes las que se ver\u00e1n cristalizadas el a\u00f1o pr\u00f3ximo\u201d.<br \/>\nEl alcalde reconoci\u00f3 que su trabajo se ha dificultado, debido a las participaciones que le llegan al Ramo 28, \u201cson muy pocas\u201d, y Guadalc\u00e1zar es el segundo municipio de mayor extensi\u00f3n territorial, mismo que cuenta con muchos habitantes, \u201cpero estamos trabajando por Ustedes\u201d, puntualiz\u00f3.<br \/>\nTrascendi\u00f3 que en Buenavista y la Hincada, los vecinos pagan entre 15 y 17 pesos por cada garraf\u00f3n, y con la planta purificadora, el precio \u201cno pasa de 10\u201d.<br \/>\n\u201cEsto es un factor muy importante, que traer\u00e1 beneficio econ\u00f3mico, ese ahorro quedar\u00e1 a favor de las familias y sus integrantes\u201d.<br \/>\nEl pasado fin de semana, se hizo entrega en el mismo lugar de un \u201cvertedor\u201d, que servir\u00e1 para conservar el agua de un abrevadero. La comunidad aport\u00f3 mano de obra y la cantidad de 37 mil 500 pesos, mientras que el gobierno hizo lo necesario. \u201cObras muy importantes que favorecen a los vecinos de la zona\u201d. Se reconoci\u00f3.<\/p>\n","protected":false},"excerpt":{"rendered":"<p>Marco Serna Guadalc\u00e1zar.- Ya se comercializa en la comunidad de Buenavista Guadalc\u00e1zar y alrededores el agua de la purificadora que fue inaugurada el viernes 4 de Noviembre. \u201cSabemos que est\u00e1&#8230;<\/p>\n","protected":false},"author":1,"featured_media":0,"comment_status":"closed","ping_status":"open","sticky":false,"template":"","format":"standard","meta":{"footnotes":""},"categories":[6],"tags":[154,156],"class_list":["post-382","post","type-post","status-publish","format-standard","hentry","category-guadalcazar","tag-buenavista","tag-purificadora","entry","simple"],"_links":{"self":[{"href":"https:\/\/www.plurinominal.com.mx\/index.php?rest_route=\/wp\/v2\/posts\/382","targetHints":{"allow":["GET"]}}],"collection":[{"href":"https:\/\/www.plurinominal.com.mx\/index.php?rest_route=\/wp\/v2\/posts"}],"about":[{"href":"https:\/\/www.plurinominal.com.mx\/index.php?rest_route=\/wp\/v2\/types\/post"}],"author":[{"embeddable":true,"href":"https:\/\/www.plurinominal.com.mx\/index.php?rest_route=\/wp\/v2\/users\/1"}],"replies":[{"embeddable":true,"href":"https:\/\/www.plurinominal.com.mx\/index.php?rest_route=%2Fwp%2Fv2%2Fcomments&post=382"}],"version-history":[{"count":0,"href":"https:\/\/www.plurinominal.com.mx\/index.php?rest_route=\/wp\/v2\/posts\/382\/revisions"}],"wp:attachment":[{"href":"https:\/\/www.plurinominal.com.mx\/index.php?rest_route=%2Fwp%2Fv2%2Fmedia&parent=382"}],"wp:term":[{"taxonomy":"category","embeddable":true,"href":"https:\/\/www.plurinominal.com.mx\/index.php?rest_route=%2Fwp%2Fv2%2Fcategories&post=382"},{"taxonomy":"post_tag","embeddable":true,"href":"https:\/\/www.plurinominal.com.mx\/index.php?rest_route=%2Fwp%2Fv2%2Ftags&post=382"}],"curies":[{"name":"wp","href":"https:\/\/api.w.org\/{rel}","templated":true}]}}