{"id":3847,"date":"2012-08-28T10:55:45","date_gmt":"2012-08-28T15:55:45","guid":{"rendered":"http:\/\/www.plurinominal.com.mx\/?p=3847"},"modified":"2012-08-28T10:55:45","modified_gmt":"2012-08-28T15:55:45","slug":"violentan-derechos-de-personal-de-limpia","status":"publish","type":"post","link":"https:\/\/www.plurinominal.com.mx\/?p=3847","title":{"rendered":"Violentan derechos de personal de limpia"},"content":{"rendered":"<ul>\n<li>No les pagan horario extra ni gozan de vacaciones<\/li>\n<li>Tampoco se les proporciona equipo adecuado para laborar<\/li>\n<\/ul>\n<figure id=\"attachment_3849\" aria-describedby=\"caption-attachment-3849\" style=\"width: 142px\" class=\"wp-caption alignright\"><a href=\"https:\/\/www.plurinominal.com.mx\/wp-content\/uploads\/4-guantes.jpg\"><img loading=\"lazy\" decoding=\"async\" class=\"size-full wp-image-3849\" title=\"4 guantes\" src=\"https:\/\/www.plurinominal.com.mx\/wp-content\/uploads\/4-guantes.jpg\" alt=\"\" width=\"142\" height=\"94\" \/><\/a><figcaption id=\"caption-attachment-3849\" class=\"wp-caption-text\">Trabajador encontr\u00f3 entre la basura dos guantes en buenas condiciones, pero ambos izquierdos, aunque tuvo la idea de voltear uno al rev\u00e9s para lograr utilizar el par.<\/figcaption><\/figure>\n<p><em>Marco Serna.-<\/em> Montones de basura se observaron el pasado domingo en sectores del mercado municipal, debido a que trabajadores del servicio de limpia, en una clara se\u00f1al de protesta, optaron por tomarse el d\u00eda libre.<br \/>\nY es que revelan fuentes que solicitaron no fueran publicadas sus generales, que han sido presas de abusos cometidos en su contra por las propias autoridades que no les respetan derechos como lo son las vacaciones ni horas extras, mismas que no se ven reflejadas en su salario desde \u00faltimas fechas.<br \/>\nDe acuerdo a datos proporcionados por el personal, sus superiores los han obligado incluso a firmar las vacaciones, pero al mismo tiempo les ruegan que contin\u00faen laborando \u201cporque no se cuenta con personal suficiente para llevar a cabo esa tarea\u201d, al grado que algunos en 5 a\u00f1os, \u00fanicamente han descansado dos veces.<br \/>\nOtro de los empleados dijo, \u201ca m\u00ed me deben ya casi un mes de vacaciones\u201d.<br \/>\nExplicaron, que a diferencia del dem\u00e1s personal, ellos laboran de lunes a domingo, sin que se les proporcione el material adecuado para llevar a cabo su trabajo: Overoles, calzado, cubre bocas y guantes, tan as\u00ed que los pepenan de la basura.<br \/>\nResalta el ejemplo de una persona que encontr\u00f3 dos guantes en buenas condiciones, pero ambos izquierdos, aunque tuvo la idea de voltear uno al rev\u00e9s para lograr utilizar el par.<br \/>\nDe este modo, denuncian que a pesar de enfrentar dificultades respiratorias, o padecimientos como tos y catarro, es como si no gozaran de servicio m\u00e9dico \u201cporque vamos con el doctor y nunca est\u00e1&#8230; seguimos bien olvidados\u201d.<\/p>\n<p><strong>Camionetas piratas<\/strong><\/p>\n<p>Como el salario no les es suficiente a los casi 25 trabajadores del servicio de limpia, algunos decidieron recolectar productos reciclables, sin embargo ahora con el consentimiento de las autoridades, \u201cveh\u00edculos piratas\u201d se adelantan al cami\u00f3n de la basura, pero realizando recolecci\u00f3n seleccionada por una cuadrilla externa, que escoge residuos generalmente de metal, cart\u00f3n, pl\u00e1stico y aluminio.<br \/>\n\u201cLa basura es de ellos, ya no nos deja nada\u201d, manifiesta un declarante.<br \/>\n\u201cSi nos toca la ruta para cierto lado, estas camionetas se van por delante, hasta la gente dice ya pas\u00f3 la basura\u201d, por ello se les explica a los ciudadanos que en caso de perderse alg\u00fan art\u00edculo de valor la responsabilidad es de estas gentes que han logrado milenarias ganancias a trav\u00e9s del reciclaje.<br \/>\nPero la guerra por los productos, no se enfoca ya \u00fanicamente entre esa \u201ccuadrilla pirata\u201d y personal de limpia, sino se extiende entre un grupo de pepenadores de la comunidad de Manzanillas, que con fecha 13 de agosto, presentaron solicitud al alcalde del municipio, Erasmo Galv\u00e1n Nieto de ordenar a sus empleados a concretarse \u00fanicamente a recoger desechos y tirarlos en el basurero, \u201cporque esas personas, por falta de oportunidades, se han visto en la necesidad de pepenar\u201d.<\/p>\n<p><strong>\u201cSemanillas rabonas\u201d<\/strong><\/p>\n<p>As\u00ed es la rutina de los empleados del cami\u00f3n de la basura, la que se extiende hasta los domingos, sin embargo, desde hace meses, el pago por horario extra no se ha liquidado.<br \/>\n\u201cNo se preocupen, son de esas semanillas rabonas, pero para la otra s\u00ed les sale su sueldo extra\u201d. Es la justificaci\u00f3n que se da al personal.<br \/>\nPero no conforme el ayuntamiento con esta explicaci\u00f3n, todav\u00eda solicita a esa gente que debido a que no existe quien los cubra, acudan a las oficinas a firmar las vacaciones, a cambio de recibir \u00fanicamente la prima vacacional, \u201csirve que no se pierde mata y elote\u201d.<br \/>\n\u201cYo con esta maldita jodidez, voy y firmo, y me aseguran que m\u00e1s adelante gozar\u00e9 de las vacaciones\u201d. Externa un afectado.<br \/>\nAl enterarse que la obligaci\u00f3n de buscar quien cubra al personal, es del superior de los trabajadores, algunos se tomaron su descanso, pero se dieron cuenta que este lunes, un n\u00famero reducido de empleados hicieron las labores de quienes vacacionaron, algo que catalogaron como tedioso.<br \/>\nEntre aquellos que han sufrido menoscabo, se encuentra una persona a la que se le adeudan m\u00e1s de 10 mil pesos.<\/p>\n<p><strong>An\u00e9cdota<\/strong><\/p>\n<p>\u201cDesde que inici\u00e9 en la basura, s\u00f3lo me han dado un par de guantes. Recuerdo que una vez las gentes sacaron unos tambos llenos de pa\u00f1ales. Ten\u00edan como un mes. Le dimos vuelta al ba\u00f1o&#8230; y puro arroz. Nosotros sin cubre bocas\u201d.<br \/>\nEso sin tomar en cuenta que entre la basura estas personas corren adem\u00e1s el riesgo de picarse con las m\u00faltiples jeringas que son tiradas, material que puede ser portador de virus, as\u00ed como otros objetos punzo cortantes como fierros, huesos, y espinas para los que caminan encima del tiradero.<br \/>\nEntre las desechos a veces tienen que soportarse los olores de animales muertos, entre m\u00e1s cosas dejadas a la imaginaci\u00f3n.<\/p>\n<p><strong>Trabajo delicado<\/strong><\/p>\n<p>\u201cEs el trabajo m\u00e1s delicado, pero el m\u00e1s olvidado\u201d. Precis\u00f3 un empleado. Sin embargo, ese grupo reconoce que laboran bajo el temor a que si manifiestan su inconformidad de modo intenso, corren el riesgo de ser liquidados o al menos enviados al rastro \u201ca lavar chiqueros\u201d.<br \/>\nPara concluir, el grupo de manifestantes considera ir\u00f3nico que sus derechos laborales sean violentados por el Partido del Trabajo.<\/p>\n","protected":false},"excerpt":{"rendered":"<p>No les pagan horario extra ni gozan de vacaciones Tampoco se les proporciona equipo adecuado para laborar Marco Serna.- Montones de basura se observaron el pasado domingo en sectores del&#8230;<\/p>\n","protected":false},"author":1,"featured_media":0,"comment_status":"closed","ping_status":"open","sticky":false,"template":"","format":"standard","meta":{"footnotes":""},"categories":[3],"tags":[],"class_list":["post-3847","post","type-post","status-publish","format-standard","hentry","category-cerritos","entry","simple"],"_links":{"self":[{"href":"https:\/\/www.plurinominal.com.mx\/index.php?rest_route=\/wp\/v2\/posts\/3847","targetHints":{"allow":["GET"]}}],"collection":[{"href":"https:\/\/www.plurinominal.com.mx\/index.php?rest_route=\/wp\/v2\/posts"}],"about":[{"href":"https:\/\/www.plurinominal.com.mx\/index.php?rest_route=\/wp\/v2\/types\/post"}],"author":[{"embeddable":true,"href":"https:\/\/www.plurinominal.com.mx\/index.php?rest_route=\/wp\/v2\/users\/1"}],"replies":[{"embeddable":true,"href":"https:\/\/www.plurinominal.com.mx\/index.php?rest_route=%2Fwp%2Fv2%2Fcomments&post=3847"}],"version-history":[{"count":0,"href":"https:\/\/www.plurinominal.com.mx\/index.php?rest_route=\/wp\/v2\/posts\/3847\/revisions"}],"wp:attachment":[{"href":"https:\/\/www.plurinominal.com.mx\/index.php?rest_route=%2Fwp%2Fv2%2Fmedia&parent=3847"}],"wp:term":[{"taxonomy":"category","embeddable":true,"href":"https:\/\/www.plurinominal.com.mx\/index.php?rest_route=%2Fwp%2Fv2%2Fcategories&post=3847"},{"taxonomy":"post_tag","embeddable":true,"href":"https:\/\/www.plurinominal.com.mx\/index.php?rest_route=%2Fwp%2Fv2%2Ftags&post=3847"}],"curies":[{"name":"wp","href":"https:\/\/api.w.org\/{rel}","templated":true}]}}