{"id":3880,"date":"2012-09-06T09:08:05","date_gmt":"2012-09-06T14:08:05","guid":{"rendered":"http:\/\/www.plurinominal.com.mx\/?p=3880"},"modified":"2012-09-06T09:08:05","modified_gmt":"2012-09-06T14:08:05","slug":"en-politica-aun-no-hay-nada-para-nadie","status":"publish","type":"post","link":"https:\/\/www.plurinominal.com.mx\/?p=3880","title":{"rendered":"En pol\u00edtica, aun no hay nada para nadie"},"content":{"rendered":"<p><em>Redacci\u00f3n, con datos de Francisco V.-<\/em> Como un \u201cempate\u201d, calificaron algunos ciudadanos pri\u00edstas la segunda resoluci\u00f3n que devuelve el triunfo al Partido Acci\u00f3n Nacional.<br \/>\nQuienes acudieron a la reuni\u00f3n convocada para informar el estado del asunto, hicieron un llamado a \u201cno crear falsas expectativas, para evitar un desbordamiento en los \u00e1nimos\u201d.<br \/>\n\u201cAun no hay nada para nadie, est\u00e1n empatados\u201d, expres\u00f3 un ciudadano, que record\u00f3 el caso donde ante las mismas instancias se discuti\u00f3 la residencia del notario.<br \/>\nEn este primer recurso de inconformidad presentado por el Partido Revolucionario Institucional, tanto en primera instancia como en segunda, el PRI recibi\u00f3 fallos desfavorables. Fue hasta la Sala Regional Monterrey que obtuvo la raz\u00f3n y se decret\u00f3 la inelegibilidad del candidato.<br \/>\nAl no tener ning\u00fan inter\u00e9s en el asunto los magistrados de la Sala Monterrey, todav\u00eda en el juicio de nulidad electoral, no se sabe qui\u00e9n obtendr\u00e1 la raz\u00f3n en la tercera y definitiva instancia.<br \/>\nSobre la \u00faltima decisi\u00f3n un\u00e1nime, se piensa, que los magistrados se sintieron presionados pol\u00edticamente por representantes del PAN, entre ellos el presidente del partido a nivel estado, as\u00ed como por congresistas.<br \/>\nAl anunciarse una reuni\u00f3n en el Sal\u00f3n Country, un ciudadano detuvo a uno de los perifoneadores de Acci\u00f3n Nacional y le cuestion\u00f3, \u201c\u00bfQu\u00e9 van a informar? Si todav\u00eda no hay nada para nadie.\u201d<br \/>\nSobre las reuniones de Acci\u00f3n Nacional, el declarante manifest\u00f3 que s\u00f3lo sirven para mantener cautivos a sus seguidores, pero los comentarios equivocados o confusos, \u00fanicamente ponen en riesgo la estabilidad del municipio, ya que uno de sus defectos es que \u201csiempre andan de adelantados\u201d.<\/p>\n","protected":false},"excerpt":{"rendered":"<p>Redacci\u00f3n, con datos de Francisco V.- Como un \u201cempate\u201d, calificaron algunos ciudadanos pri\u00edstas la segunda resoluci\u00f3n que devuelve el triunfo al Partido Acci\u00f3n Nacional. Quienes acudieron a la reuni\u00f3n convocada&#8230;<\/p>\n","protected":false},"author":1,"featured_media":3881,"comment_status":"closed","ping_status":"open","sticky":false,"template":"","format":"standard","meta":{"footnotes":""},"categories":[463],"tags":[],"class_list":["post-3880","post","type-post","status-publish","format-standard","has-post-thumbnail","hentry","category-politica","entry","simple"],"_links":{"self":[{"href":"https:\/\/www.plurinominal.com.mx\/index.php?rest_route=\/wp\/v2\/posts\/3880","targetHints":{"allow":["GET"]}}],"collection":[{"href":"https:\/\/www.plurinominal.com.mx\/index.php?rest_route=\/wp\/v2\/posts"}],"about":[{"href":"https:\/\/www.plurinominal.com.mx\/index.php?rest_route=\/wp\/v2\/types\/post"}],"author":[{"embeddable":true,"href":"https:\/\/www.plurinominal.com.mx\/index.php?rest_route=\/wp\/v2\/users\/1"}],"replies":[{"embeddable":true,"href":"https:\/\/www.plurinominal.com.mx\/index.php?rest_route=%2Fwp%2Fv2%2Fcomments&post=3880"}],"version-history":[{"count":0,"href":"https:\/\/www.plurinominal.com.mx\/index.php?rest_route=\/wp\/v2\/posts\/3880\/revisions"}],"wp:featuredmedia":[{"embeddable":true,"href":"https:\/\/www.plurinominal.com.mx\/index.php?rest_route=\/wp\/v2\/media\/3881"}],"wp:attachment":[{"href":"https:\/\/www.plurinominal.com.mx\/index.php?rest_route=%2Fwp%2Fv2%2Fmedia&parent=3880"}],"wp:term":[{"taxonomy":"category","embeddable":true,"href":"https:\/\/www.plurinominal.com.mx\/index.php?rest_route=%2Fwp%2Fv2%2Fcategories&post=3880"},{"taxonomy":"post_tag","embeddable":true,"href":"https:\/\/www.plurinominal.com.mx\/index.php?rest_route=%2Fwp%2Fv2%2Ftags&post=3880"}],"curies":[{"name":"wp","href":"https:\/\/api.w.org\/{rel}","templated":true}]}}