{"id":3913,"date":"2012-09-11T02:03:07","date_gmt":"2012-09-11T07:03:07","guid":{"rendered":"http:\/\/www.plurinominal.com.mx\/?p=3913"},"modified":"2012-09-11T02:03:12","modified_gmt":"2012-09-11T07:03:12","slug":"exponen-cuentas-ante-visitantes-del-parque-la-mezquitada","status":"publish","type":"post","link":"https:\/\/www.plurinominal.com.mx\/?p=3913","title":{"rendered":"Exponen cuentas ante visitantes del parque La Mezquitada"},"content":{"rendered":"<ul>\n<li>En 3 a\u00f1os logr\u00f3 utilidad neta de $60,620<\/li>\n<li>5 mil personas han visitado el lugar en 12 meses<\/li>\n<\/ul>\n<p><em>Rom\u00e1n G.-<\/em> Pensando en la transparencia ante los visitantes y autoridades municipales, empleados a cargo del parque infantil La Mezquitada, llevaron a cabo la entrega de cuentas finales, con respecto a 3 a\u00f1os de labores durante la actual administraci\u00f3n.<br \/>\nLa iniciativa comenzada por Francisco Torres Pecina \u2013encargado del lugar\u2013 se observ\u00f3 desde la \u00faltima semana de agosto ante autoridades municipales.<br \/>\nEl trabajador, expuso informaci\u00f3n visible tanto para autoridades municipales como para el p\u00fablico visitante, misma que abarca desde el inicio de la presente administraci\u00f3n, al implementarse dobles turnos para asegurar la limpieza del parque.<br \/>\nTambi\u00e9n se aprecia el cumplimiento diario de las labores marcadas en el lugar, listas de asistencia para los empleados as\u00ed como reportes laborales para mayor control y asambleas mensuales, donde el empleado mismo pudo opinar con respecto a los trabajos proyectados en el sitio.<br \/>\nDurante el periodo 2011-2012, este espacio recreativo registr\u00f3 cerca de 49 eventos programados (en promedio 3 al mes) sociales, deportivos y culturales, logrando una asistencia de m\u00e1s de 5 mil personas.<br \/>\nEn cuanto a la entrega de utilidades, en 3 a\u00f1os el parque infantil logr\u00f3 una utilidad neta de 60 mil 620 pesos entregados al sistema DIF municipal para la realizaci\u00f3n de apoyos.<br \/>\nLa mano de obra de los empleados destaca por el mantenimiento del parque.<br \/>\nSe sabe, que las reforestaciones de las instalaciones de la FERECE y el Rastro Municipal tambi\u00e9n fueron mano de obra e iniciativa del mismo personal.<\/p>\n","protected":false},"excerpt":{"rendered":"<p>En 3 a\u00f1os logr\u00f3 utilidad neta de $60,620 5 mil personas han visitado el lugar en 12 meses Rom\u00e1n G.- Pensando en la transparencia ante los visitantes y autoridades municipales,&#8230;<\/p>\n","protected":false},"author":1,"featured_media":3914,"comment_status":"closed","ping_status":"open","sticky":false,"template":"","format":"standard","meta":{"footnotes":""},"categories":[3],"tags":[],"class_list":["post-3913","post","type-post","status-publish","format-standard","has-post-thumbnail","hentry","category-cerritos","entry","simple"],"_links":{"self":[{"href":"https:\/\/www.plurinominal.com.mx\/index.php?rest_route=\/wp\/v2\/posts\/3913","targetHints":{"allow":["GET"]}}],"collection":[{"href":"https:\/\/www.plurinominal.com.mx\/index.php?rest_route=\/wp\/v2\/posts"}],"about":[{"href":"https:\/\/www.plurinominal.com.mx\/index.php?rest_route=\/wp\/v2\/types\/post"}],"author":[{"embeddable":true,"href":"https:\/\/www.plurinominal.com.mx\/index.php?rest_route=\/wp\/v2\/users\/1"}],"replies":[{"embeddable":true,"href":"https:\/\/www.plurinominal.com.mx\/index.php?rest_route=%2Fwp%2Fv2%2Fcomments&post=3913"}],"version-history":[{"count":0,"href":"https:\/\/www.plurinominal.com.mx\/index.php?rest_route=\/wp\/v2\/posts\/3913\/revisions"}],"wp:featuredmedia":[{"embeddable":true,"href":"https:\/\/www.plurinominal.com.mx\/index.php?rest_route=\/wp\/v2\/media\/3914"}],"wp:attachment":[{"href":"https:\/\/www.plurinominal.com.mx\/index.php?rest_route=%2Fwp%2Fv2%2Fmedia&parent=3913"}],"wp:term":[{"taxonomy":"category","embeddable":true,"href":"https:\/\/www.plurinominal.com.mx\/index.php?rest_route=%2Fwp%2Fv2%2Fcategories&post=3913"},{"taxonomy":"post_tag","embeddable":true,"href":"https:\/\/www.plurinominal.com.mx\/index.php?rest_route=%2Fwp%2Fv2%2Ftags&post=3913"}],"curies":[{"name":"wp","href":"https:\/\/api.w.org\/{rel}","templated":true}]}}