{"id":3953,"date":"2012-09-17T13:22:41","date_gmt":"2012-09-17T18:22:41","guid":{"rendered":"http:\/\/www.plurinominal.com.mx\/?p=3953"},"modified":"2012-09-17T13:22:41","modified_gmt":"2012-09-17T18:22:41","slug":"resolucion-un-error-tecnico-pan","status":"publish","type":"post","link":"https:\/\/www.plurinominal.com.mx\/?p=3953","title":{"rendered":"Resoluci\u00f3n, \u201cun error t\u00e9cnico\u201d: PAN"},"content":{"rendered":"<p><em>Redacci\u00f3n, con datos de Rom\u00e1n G.-<\/em> Porque \u201clos magistrados tuvieron problemas personales con el abogado del PRI de apellidos Dur\u00f3n Santill\u00e1n\u201d, se excusaron de conocer del asunto en una segunda instancia. Fue la explicaci\u00f3n que Dulce Mar\u00eda Montes dio a Plurinominal la ma\u00f1ana del jueves al saberse la decisi\u00f3n de la Sala Regional Monterrey.<br \/>\nLa Licenciada, agreg\u00f3 que en este asunto, se tuvo que nombrar a dos licenciados, uno de la Huasteca y otro de la Zona centro, quienes sumados al que no present\u00f3 pretexto, resolvieron en favor de su partido.<br \/>\nReconoci\u00f3, que las partes interesadas, desde un inicio supieron de este tema, pero no se interpuso ning\u00fan recurso para mostrar inconformidad, dado que tambi\u00e9n estaba el tiempo encima.<br \/>\nAsimismo agreg\u00f3 que en Monterrey no se adentraron a conocer el fondo de la controversia, \u201csimplemente estuvo mal conformado el tribunal, fue un error t\u00e9cnico, no se pidi\u00f3 permiso a la Sala Monterrey para excusarse, y a ellos les tocaba nombrar a nuevos Magistrados, por eso se regres\u00f3 el expediente a San Luis\u201d. Declar\u00f3 Dulce Montes.<br \/>\nA\u00f1adi\u00f3 la ex candidata, que existe la ventaja de que el caso ya fue analizado, por eso se espera una pronta resoluci\u00f3n a favor.<br \/>\n\u201cEs un asunto del que ya se conoce y del que ya se deliber\u00f3 en una ocasi\u00f3n\u201d. Expres\u00f3.<br \/>\nSobre el Concejo Municipal, dijo que \u00e9ste se dar\u00eda en caso de que no pudieran entrar a gobernar el primero de Octubre, pero en cuesti\u00f3n de tiempo, el caso deber\u00e1 ser resuelto antes de esa fecha.<br \/>\nSobre la confusi\u00f3n ciudadana que deriva de la situaci\u00f3n, asever\u00f3 que las cosas siguen igual, su equipo gan\u00f3 el primero de julio y no se puede perder el tiempo. \u201cEl expediente ya est\u00e1 analizado&#8230; solo esperamos de nuevo el fallo a favor\u201d.<br \/>\nDijo que al llegar a confirmarse su triunfo, ser\u00eda bueno que la ciudadan\u00eda estuviera al pendiente de las acciones de su gobierno, porque \u201ces necesario, saludable&#8230; siempre lo dijimos, queremos una administraci\u00f3n cercana a la gente\u201d.<br \/>\nEnfatiz\u00f3 en los \u201cmi\u00e9rcoles ciudadanos\u201d y las \u201csesiones p\u00fablicas de cabildo\u201d. Sobre los regidores pri\u00edstas, indic\u00f3 que podr\u00edan tambi\u00e9n estar trabajando \u2013como los del PAN\u2013 tiempo completo para lograr \u201cun mejor Cerritos\u201d, pero no mencion\u00f3 nada sobre la reducci\u00f3n de salarios.<br \/>\nPor otro lado, la dirigencia panista convoc\u00f3 a reuni\u00f3n el viernes 14 de septiembre, para informar parte de la declaraci\u00f3n de Dulce Mar\u00eda Montes Z\u00fa\u00f1iga, donde aseguraron su ingreso a los patios presidenciales el primero de Octubre.<br \/>\nEn la junta, se explic\u00f3 de nuevo que lo resuelto por la Sala Regional, se dio debido a \u201cun error t\u00e9cnico\u201d que \u201cser\u00eda subsanado\u201d para qu\u00e9 la constancia de mayor\u00eda de Dulce Mar\u00eda Montes siga vigente.<\/p>\n","protected":false},"excerpt":{"rendered":"<p>Redacci\u00f3n, con datos de Rom\u00e1n G.- Porque \u201clos magistrados tuvieron problemas personales con el abogado del PRI de apellidos Dur\u00f3n Santill\u00e1n\u201d, se excusaron de conocer del asunto en una segunda&#8230;<\/p>\n","protected":false},"author":1,"featured_media":3954,"comment_status":"closed","ping_status":"open","sticky":false,"template":"","format":"standard","meta":{"footnotes":""},"categories":[463],"tags":[],"class_list":["post-3953","post","type-post","status-publish","format-standard","has-post-thumbnail","hentry","category-politica","entry","simple"],"_links":{"self":[{"href":"https:\/\/www.plurinominal.com.mx\/index.php?rest_route=\/wp\/v2\/posts\/3953","targetHints":{"allow":["GET"]}}],"collection":[{"href":"https:\/\/www.plurinominal.com.mx\/index.php?rest_route=\/wp\/v2\/posts"}],"about":[{"href":"https:\/\/www.plurinominal.com.mx\/index.php?rest_route=\/wp\/v2\/types\/post"}],"author":[{"embeddable":true,"href":"https:\/\/www.plurinominal.com.mx\/index.php?rest_route=\/wp\/v2\/users\/1"}],"replies":[{"embeddable":true,"href":"https:\/\/www.plurinominal.com.mx\/index.php?rest_route=%2Fwp%2Fv2%2Fcomments&post=3953"}],"version-history":[{"count":0,"href":"https:\/\/www.plurinominal.com.mx\/index.php?rest_route=\/wp\/v2\/posts\/3953\/revisions"}],"wp:featuredmedia":[{"embeddable":true,"href":"https:\/\/www.plurinominal.com.mx\/index.php?rest_route=\/wp\/v2\/media\/3954"}],"wp:attachment":[{"href":"https:\/\/www.plurinominal.com.mx\/index.php?rest_route=%2Fwp%2Fv2%2Fmedia&parent=3953"}],"wp:term":[{"taxonomy":"category","embeddable":true,"href":"https:\/\/www.plurinominal.com.mx\/index.php?rest_route=%2Fwp%2Fv2%2Fcategories&post=3953"},{"taxonomy":"post_tag","embeddable":true,"href":"https:\/\/www.plurinominal.com.mx\/index.php?rest_route=%2Fwp%2Fv2%2Ftags&post=3953"}],"curies":[{"name":"wp","href":"https:\/\/api.w.org\/{rel}","templated":true}]}}