{"id":398,"date":"2007-02-07T15:45:03","date_gmt":"2007-02-07T21:45:03","guid":{"rendered":"http:\/\/www.plurinominal.com.mx\/?p=398"},"modified":"2011-11-11T15:45:37","modified_gmt":"2011-11-11T21:45:37","slug":"sesiono-cabildo","status":"publish","type":"post","link":"https:\/\/www.plurinominal.com.mx\/?p=398","title":{"rendered":"Sesion\u00f3 Cabildo"},"content":{"rendered":"<p>Por unanimidad en la sesi\u00f3n de cabildo del 06 de febrero de 2007, los integrantes aprobaron la creaci\u00f3n de la direcci\u00f3n de planeaci\u00f3n, desarrollo e imagen urbana, de las coordinaciones de atenci\u00f3n a la juventud y enlace paisano. Con lo que se pretende\u00a0 atender las necesidades de crecimiento urbano y elaboraci\u00f3n de nuevos proyectos dirigidos a grupos\u00a0 espec\u00edficos de la sociedad. Con\u00a0 la creaci\u00f3n de la direcci\u00f3n de planeaci\u00f3n, desarrollo e imagen urbana\u00a0 que dirigir\u00e1 el arquitecto Carlos Guerrero Nieto, se pretende mejorar el funcionamiento interno del municipio, siendo de vital importancia,\u00a0 atender de manera t\u00e9cnica las necesidades de un crecimiento ordenado, as\u00ed como la planeaci\u00f3n de nuevos proyectos urbanos y una buena visi\u00f3n del crecimiento futuro inmediato, con lo cual se llevara un control de la obra privada dando una imagen nueva para la ciudad. La creaci\u00f3n de la coordinaci\u00f3n de atenci\u00f3n a la juventud, tendr\u00e1 como finalidad que nuestros j\u00f3venes busquen oportunidad\u00a0 de vida en su lugar de origen y logren tener un espacio donde sean escuchadas sus peticiones, sus demandas y sus inquietudes, en base a lo cual se realizar\u00e1n programas de trabajo y\u00a0 recreaci\u00f3n, cultural acad\u00e9mica y deportiva. La coordinaci\u00f3n de enlace paisano, tendr\u00e1 como funci\u00f3n primordial, atender a los paisanos Cerritenses, sus familias y sus comunidades,\u00a0 realizando programas\u00a0 y acciones en su beneficio. Fungir\u00e1 como un \u00f3rgano de apoyo entre autoridades\u00a0 y\u00a0 paisanos\u00a0 que organizadamente\u00a0 pretendan ejecutar acciones en beneficio social, as\u00ed como impulsar proyectos productivos en sus lugares de origen. A trav\u00e9s de esta coordinaci\u00f3n, los paisanos podr\u00e1n tener mayor certidumbre con relaci\u00f3n a las aportaciones que realicen para la ejecuci\u00f3n de obras del 3&#215;1. La implementaci\u00f3n de la direcci\u00f3n y las coordinaciones,\u00a0 permitir\u00e1 lograr un avance en nuestra imagen urbana y permitir\u00e1 a tanto j\u00f3venes como paisanos, ser parte importante para esta administraci\u00f3n.<\/p>\n","protected":false},"excerpt":{"rendered":"<p>Por unanimidad en la sesi\u00f3n de cabildo del 06 de febrero de 2007, los integrantes aprobaron la creaci\u00f3n de la direcci\u00f3n de planeaci\u00f3n, desarrollo e imagen urbana, de las coordinaciones&#8230;<\/p>\n","protected":false},"author":1,"featured_media":0,"comment_status":"closed","ping_status":"open","sticky":false,"template":"","format":"standard","meta":{"footnotes":""},"categories":[3],"tags":[],"class_list":["post-398","post","type-post","status-publish","format-standard","hentry","category-cerritos","entry","simple"],"_links":{"self":[{"href":"https:\/\/www.plurinominal.com.mx\/index.php?rest_route=\/wp\/v2\/posts\/398","targetHints":{"allow":["GET"]}}],"collection":[{"href":"https:\/\/www.plurinominal.com.mx\/index.php?rest_route=\/wp\/v2\/posts"}],"about":[{"href":"https:\/\/www.plurinominal.com.mx\/index.php?rest_route=\/wp\/v2\/types\/post"}],"author":[{"embeddable":true,"href":"https:\/\/www.plurinominal.com.mx\/index.php?rest_route=\/wp\/v2\/users\/1"}],"replies":[{"embeddable":true,"href":"https:\/\/www.plurinominal.com.mx\/index.php?rest_route=%2Fwp%2Fv2%2Fcomments&post=398"}],"version-history":[{"count":0,"href":"https:\/\/www.plurinominal.com.mx\/index.php?rest_route=\/wp\/v2\/posts\/398\/revisions"}],"wp:attachment":[{"href":"https:\/\/www.plurinominal.com.mx\/index.php?rest_route=%2Fwp%2Fv2%2Fmedia&parent=398"}],"wp:term":[{"taxonomy":"category","embeddable":true,"href":"https:\/\/www.plurinominal.com.mx\/index.php?rest_route=%2Fwp%2Fv2%2Fcategories&post=398"},{"taxonomy":"post_tag","embeddable":true,"href":"https:\/\/www.plurinominal.com.mx\/index.php?rest_route=%2Fwp%2Fv2%2Ftags&post=398"}],"curies":[{"name":"wp","href":"https:\/\/api.w.org\/{rel}","templated":true}]}}