{"id":3991,"date":"2012-09-17T01:07:16","date_gmt":"2012-09-17T06:07:16","guid":{"rendered":"http:\/\/www.plurinominal.com.mx\/?p=3991"},"modified":"2012-09-20T01:08:34","modified_gmt":"2012-09-20T06:08:34","slug":"ramon-guardiola-promete-apoyo-sin-distincion-para-cerritos","status":"publish","type":"post","link":"https:\/\/www.plurinominal.com.mx\/?p=3991","title":{"rendered":"Ram\u00f3n Guardiola promete \u201capoyo sin distinci\u00f3n\u201d para Cerritos"},"content":{"rendered":"<p><em>Rom\u00e1n G.-<\/em> Una vez tomada la protesta oficial para la integraci\u00f3n de la Sexag\u00e9sima Legislatura Constitucional del Estado de San Luis Potos\u00ed, el diputado del Partido Revolucionario Institucional (PRI) por el Segundo Distrito Electoral, Ram\u00f3n Guardiola Hern\u00e1ndez, dijo que estar\u00eda al pendiente del pueblo cerritense una vez comience su periodo como miembro del Congreso del Estado.<br \/>\nAl ser cuestionado de su compromiso con los cerritenses, y municipios circunvecinos, Guardiola asegur\u00f3 apoyo incondicional.<br \/>\n\u201cSe har\u00e1n las gestiones necesarias para responder a las peticiones de Cerritos y en general del distrito\u201d. Asegur\u00f3 el Diputado, que a su llegada se mostr\u00f3 tranquilo de los pendientes de Jos\u00e9 Luis Mart\u00ednez Mel\u00e9ndez que poco reflej\u00f3 su presencia en esta cabecera.<br \/>\n\u201cSin \u00e1nimos de hablar del anterior diputado, yo quiero hacer un papel diferente, esperando que la gente me d\u00e9 la confianza para que en pocos meses demostremos que vamos a ser mejores\u201d. Agreg\u00f3.<br \/>\nEn entrevista sostenida con este medio, se toc\u00f3 el tema del juicio de nulidad, a lo cual Guardiola dej\u00f3 en claro la \u00f3ptica del orden y cuidado que se debe de tener con la gente de Cerritos para que no se genere inestabilidad, por ello deber\u00e1 atenderse el \u00faltimo sentido de la autoridad que ya conoce del caso.<br \/>\nEl representante,  puntualiz\u00f3 que de manera independiente al resultado, el apoyo ser\u00e1 otorgado de un modo equitativo, sin distinci\u00f3n de colores, poniendo de ejemplo el acercamiento con candidatos electos panistas donde ya se ha comenzado el di\u00e1logo en cuanto a asuntos concretos, a los cuales se les dar\u00e1 seguimiento.        <\/p>\n","protected":false},"excerpt":{"rendered":"<p>Rom\u00e1n G.- Una vez tomada la protesta oficial para la integraci\u00f3n de la Sexag\u00e9sima Legislatura Constitucional del Estado de San Luis Potos\u00ed, el diputado del Partido Revolucionario Institucional (PRI) por&#8230;<\/p>\n","protected":false},"author":1,"featured_media":3992,"comment_status":"closed","ping_status":"open","sticky":false,"template":"","format":"standard","meta":{"footnotes":""},"categories":[463],"tags":[],"class_list":["post-3991","post","type-post","status-publish","format-standard","has-post-thumbnail","hentry","category-politica","entry","simple"],"_links":{"self":[{"href":"https:\/\/www.plurinominal.com.mx\/index.php?rest_route=\/wp\/v2\/posts\/3991","targetHints":{"allow":["GET"]}}],"collection":[{"href":"https:\/\/www.plurinominal.com.mx\/index.php?rest_route=\/wp\/v2\/posts"}],"about":[{"href":"https:\/\/www.plurinominal.com.mx\/index.php?rest_route=\/wp\/v2\/types\/post"}],"author":[{"embeddable":true,"href":"https:\/\/www.plurinominal.com.mx\/index.php?rest_route=\/wp\/v2\/users\/1"}],"replies":[{"embeddable":true,"href":"https:\/\/www.plurinominal.com.mx\/index.php?rest_route=%2Fwp%2Fv2%2Fcomments&post=3991"}],"version-history":[{"count":0,"href":"https:\/\/www.plurinominal.com.mx\/index.php?rest_route=\/wp\/v2\/posts\/3991\/revisions"}],"wp:featuredmedia":[{"embeddable":true,"href":"https:\/\/www.plurinominal.com.mx\/index.php?rest_route=\/wp\/v2\/media\/3992"}],"wp:attachment":[{"href":"https:\/\/www.plurinominal.com.mx\/index.php?rest_route=%2Fwp%2Fv2%2Fmedia&parent=3991"}],"wp:term":[{"taxonomy":"category","embeddable":true,"href":"https:\/\/www.plurinominal.com.mx\/index.php?rest_route=%2Fwp%2Fv2%2Fcategories&post=3991"},{"taxonomy":"post_tag","embeddable":true,"href":"https:\/\/www.plurinominal.com.mx\/index.php?rest_route=%2Fwp%2Fv2%2Ftags&post=3991"}],"curies":[{"name":"wp","href":"https:\/\/api.w.org\/{rel}","templated":true}]}}