{"id":4002,"date":"2012-09-16T01:17:52","date_gmt":"2012-09-16T06:17:52","guid":{"rendered":"http:\/\/www.plurinominal.com.mx\/?p=4002"},"modified":"2012-09-20T01:19:36","modified_gmt":"2012-09-20T06:19:36","slug":"confirmado-ultimo-informe-de-galvan-nieto-sera-a-puerta-cerrada","status":"publish","type":"post","link":"https:\/\/www.plurinominal.com.mx\/?p=4002","title":{"rendered":"Confirmado, \u00faltimo informe de Galv\u00e1n Nieto ser\u00e1 \u201ca puerta cerrada\u201d"},"content":{"rendered":"<figure id=\"attachment_4003\" aria-describedby=\"caption-attachment-4003\" style=\"width: 170px\" class=\"wp-caption alignright\"><a href=\"https:\/\/www.plurinominal.com.mx\/wp-content\/uploads\/5-informe.jpg\"><img loading=\"lazy\" decoding=\"async\" class=\"size-full wp-image-4003\" title=\"5 informe\" src=\"https:\/\/www.plurinominal.com.mx\/wp-content\/uploads\/5-informe.jpg\" alt=\"\" width=\"170\" height=\"94\" \/><\/a><figcaption id=\"caption-attachment-4003\" class=\"wp-caption-text\">No se espera mucho contenido en el \u00faltimo informe.<\/figcaption><\/figure>\n<p><em>Redacci\u00f3n.- <\/em>Este mi\u00e9rcoles 12 de Septiembre, en la sala de Cabildo se lleg\u00f3 al acuerdo de llevar a cabo el \u00faltimo informe de gobierno \u201ca puerta cerrada\u201d.<br \/>\nLa medida implementada ya en el \u00faltimo trayecto del alcalde Erasmo Galv\u00e1n Nieto, \u2013donde se observan claramente brotes y cr\u00edticas de inconformidad\u2013 se llevar\u00e1 a cabo el viernes 21 de Septiembre durante la cuarta reuni\u00f3n solemne de Cabildo, en punto de las 5:00 de la tarde.<br \/>\nEn los patios de presidencia, se espera contar con representantes del Gobierno del Estado, que dar\u00e1n fe y legalidad de la entrega de cuentas de Erasmo Galv\u00e1n Nieto.<br \/>\nEl argumento de llevar as\u00ed el \u00faltimo informe, radica en la \u201cfalta de recurso\u201d de la actual administraci\u00f3n para solventar los gastos necesarios del acto.<br \/>\nPara el segundo informe de gobierno, en 2011 se utilizaron casi 60 mil pesos en favor de una empresa publicitaria en la cual se sabe, tiene injerencia el congresista Eugenio Govea Arcos, mismo que se asegura influy\u00f3 en la construcci\u00f3n de obras locales a trav\u00e9s de una empresa consolidada para ese fin.<br \/>\nSobre el modo de dar a conocer el informe a la ciudadan\u00eda, se han manifestado diferentes formas pero ninguna confirmada hasta hoy, fecha en que la mayor\u00eda cuestiona el contenido del documento, durante un a\u00f1o en que el alcalde se enfoc\u00f3 m\u00e1s en intentar una diputaci\u00f3n que en las necesidades b\u00e1sicas de la poblaci\u00f3n.<\/p>\n","protected":false},"excerpt":{"rendered":"<p>Redacci\u00f3n.- Este mi\u00e9rcoles 12 de Septiembre, en la sala de Cabildo se lleg\u00f3 al acuerdo de llevar a cabo el \u00faltimo informe de gobierno \u201ca puerta cerrada\u201d. La medida implementada&#8230;<\/p>\n","protected":false},"author":1,"featured_media":0,"comment_status":"closed","ping_status":"open","sticky":false,"template":"","format":"standard","meta":{"footnotes":""},"categories":[463],"tags":[],"class_list":["post-4002","post","type-post","status-publish","format-standard","hentry","category-politica","entry","simple"],"_links":{"self":[{"href":"https:\/\/www.plurinominal.com.mx\/index.php?rest_route=\/wp\/v2\/posts\/4002","targetHints":{"allow":["GET"]}}],"collection":[{"href":"https:\/\/www.plurinominal.com.mx\/index.php?rest_route=\/wp\/v2\/posts"}],"about":[{"href":"https:\/\/www.plurinominal.com.mx\/index.php?rest_route=\/wp\/v2\/types\/post"}],"author":[{"embeddable":true,"href":"https:\/\/www.plurinominal.com.mx\/index.php?rest_route=\/wp\/v2\/users\/1"}],"replies":[{"embeddable":true,"href":"https:\/\/www.plurinominal.com.mx\/index.php?rest_route=%2Fwp%2Fv2%2Fcomments&post=4002"}],"version-history":[{"count":0,"href":"https:\/\/www.plurinominal.com.mx\/index.php?rest_route=\/wp\/v2\/posts\/4002\/revisions"}],"wp:attachment":[{"href":"https:\/\/www.plurinominal.com.mx\/index.php?rest_route=%2Fwp%2Fv2%2Fmedia&parent=4002"}],"wp:term":[{"taxonomy":"category","embeddable":true,"href":"https:\/\/www.plurinominal.com.mx\/index.php?rest_route=%2Fwp%2Fv2%2Fcategories&post=4002"},{"taxonomy":"post_tag","embeddable":true,"href":"https:\/\/www.plurinominal.com.mx\/index.php?rest_route=%2Fwp%2Fv2%2Ftags&post=4002"}],"curies":[{"name":"wp","href":"https:\/\/api.w.org\/{rel}","templated":true}]}}