{"id":4027,"date":"2012-09-24T19:34:38","date_gmt":"2012-09-25T00:34:38","guid":{"rendered":"http:\/\/www.plurinominal.com.mx\/?p=4027"},"modified":"2012-09-25T19:35:38","modified_gmt":"2012-09-26T00:35:38","slug":"rio-revuleto","status":"publish","type":"post","link":"https:\/\/www.plurinominal.com.mx\/?p=4027","title":{"rendered":"R\u00edo Revuelto"},"content":{"rendered":"<p><span style=\"font-family: Arial, sans-serif;\"><span style=\"font-size: small;\">Inmersos en un r\u00edo revuelto de diferencias, integrantes de Cabildo Municipal ni siquiera tocaron la posibilidad de la integraci\u00f3n de un Concejo Pol\u00edtico que pudiera gobernar Cerritos ante la que se cre\u00eda lejana (y desconocida) resoluci\u00f3n de un tribunal electoral. Aunque el viernes se hizo p\u00fablica la nueva decisi\u00f3n que favorece al panismo, el juicio sigue su marcha en una \u00faltima instancia, pero ello no deja de ser un tema que la actual administraci\u00f3n ni siquiera predijo, en donde sin duda se ten\u00eda que discutir cualquier desenlace. Y es que a pesar de que no fue as\u00ed, a muchos les parec\u00eda dif\u00edcil que se volviera a validar el triunfo en una fecha tan cercana como la ya informada este 21 de Septiembre. Enfrascados en reacciones viscerales, \u2013donde la pugna de egos y los rencores irreconciliables son el pan de cada d\u00eda\u2013 los integrantes del Cabildo dejaron que otras fuerzas pol\u00edticas metieran las manos en el asunto y presentaran ante el Gobernador la propuesta para elegir a posibles concejales. A r\u00edo revuelto, ganancia de pescadores y como en la \u201cgrilla\u201d quien tiene m\u00e1s oficio traga m\u00e1s pinole, un d\u00fao de ex presidentes llev\u00f3 agua a su molino poniendo en la mesa de decisiones del Ejecutivo local su ases para la jugada, en un claro albazo en el que fueron asistidos por conocidos hermanos l\u00edderes de inmigrantes cerritenses quienes hablan directo al o\u00eddo del mandatario estatal con alto grado de influencia. Esta sorpresiva y eficaz jugada puso al citado clan, en posici\u00f3n de retomar el poder del que fueron desplazados por los actuales mandamases del tricolor aut\u00f3ctono y les dar\u00eda un amplio espectro de posibilidades de poder influir en un pr\u00f3ximo ayuntamiento, todav\u00eda incierto. Es muy dif\u00edcil hacer compatibles la pol\u00edtica y la moral. En este bizarro pragmatismo \u201cdemocr\u00e1tico\u201d en el cual los intereses se sobrepusieron a la ideolog\u00eda, pudo existir un s\u00f3lo beneficiado \u2013y muchos damnificados\u2013 y no habr\u00eda sido otro que el d\u00fao. De haberse concretado el escenario, habr\u00edan perdido el actual alcalde, los regidores rebeldes, los panistas y el candidato pri\u00edsta. Entre la ciudadan\u00eda, se manejaron para futuros concejales los nombres de Margarita Huerta Garc\u00eda, Jos\u00e9 Fortino Torres Cuervo, Jaime Reyes y Jaime Montelongo entre otros cercanos a los personajes. En pol\u00edtica ninguna factura queda sin cobrar, tarde o temprano se ajustan las cuentas. Y como dec\u00eda Roger Bacon: \u201cEl mayor castigo para quienes no se interesan por la pol\u00edtica es que ser\u00e1n gobernados por personas que s\u00ed se interesan\u201d.<\/span><\/span><\/p>\n<p><span style=\"font-family: Arial, sans-serif;\"><span style=\"font-size: small;\">CINCELAZO: El que no se atreve a ser inteligente, se hace pol\u00edtico.<\/span><\/span><\/p>\n","protected":false},"excerpt":{"rendered":"<p>Inmersos en un r\u00edo revuelto de diferencias, integrantes de Cabildo Municipal ni siquiera tocaron la posibilidad de la integraci\u00f3n de un Concejo Pol\u00edtico que pudiera gobernar Cerritos ante la que&#8230;<\/p>\n","protected":false},"author":1,"featured_media":0,"comment_status":"closed","ping_status":"open","sticky":false,"template":"","format":"standard","meta":{"footnotes":""},"categories":[463],"tags":[],"class_list":["post-4027","post","type-post","status-publish","format-standard","hentry","category-politica","entry","simple"],"_links":{"self":[{"href":"https:\/\/www.plurinominal.com.mx\/index.php?rest_route=\/wp\/v2\/posts\/4027","targetHints":{"allow":["GET"]}}],"collection":[{"href":"https:\/\/www.plurinominal.com.mx\/index.php?rest_route=\/wp\/v2\/posts"}],"about":[{"href":"https:\/\/www.plurinominal.com.mx\/index.php?rest_route=\/wp\/v2\/types\/post"}],"author":[{"embeddable":true,"href":"https:\/\/www.plurinominal.com.mx\/index.php?rest_route=\/wp\/v2\/users\/1"}],"replies":[{"embeddable":true,"href":"https:\/\/www.plurinominal.com.mx\/index.php?rest_route=%2Fwp%2Fv2%2Fcomments&post=4027"}],"version-history":[{"count":0,"href":"https:\/\/www.plurinominal.com.mx\/index.php?rest_route=\/wp\/v2\/posts\/4027\/revisions"}],"wp:attachment":[{"href":"https:\/\/www.plurinominal.com.mx\/index.php?rest_route=%2Fwp%2Fv2%2Fmedia&parent=4027"}],"wp:term":[{"taxonomy":"category","embeddable":true,"href":"https:\/\/www.plurinominal.com.mx\/index.php?rest_route=%2Fwp%2Fv2%2Fcategories&post=4027"},{"taxonomy":"post_tag","embeddable":true,"href":"https:\/\/www.plurinominal.com.mx\/index.php?rest_route=%2Fwp%2Fv2%2Ftags&post=4027"}],"curies":[{"name":"wp","href":"https:\/\/api.w.org\/{rel}","templated":true}]}}