{"id":4034,"date":"2012-09-26T00:23:10","date_gmt":"2012-09-26T05:23:10","guid":{"rendered":"http:\/\/www.plurinominal.com.mx\/?p=4034"},"modified":"2012-09-26T00:23:10","modified_gmt":"2012-09-26T05:23:10","slug":"ya-se-promovia-revision-constitucional-con-anticipacion","status":"publish","type":"post","link":"https:\/\/www.plurinominal.com.mx\/?p=4034","title":{"rendered":"Ya se promov\u00eda Revisi\u00f3n Constitucional con anticipaci\u00f3n"},"content":{"rendered":"<p><em>Redacci\u00f3n, con datos de Francisco V.-<\/em> Ya se esperaba una resoluci\u00f3n en el mismo sentido, debido a las presiones pol\u00edticas que pesan sobre los magistrados, por ello con demasiada anticipaci\u00f3n se trabaj\u00f3 en la Revisi\u00f3n Constitucional Electoral de la que deber\u00e1 resolver la Sala Regional Monterrey. Inform\u00f3 a Plurinominal Rodolfo Gallegos, Presidente del Comit\u00e9 Directivo Municipal del PRI.<br \/>\nLas dudas que se aclararon ante simpatizantes pri\u00edstas, que cuestionaron sobre el motivo por el cual se fall\u00f3 en favor del PAN, ya hab\u00edan sido expuestas en este medio, que se ha enfocado en explicar toda posibilidad que puede ocurrir en el asunto, as\u00ed como en criticar que cada partido comunique \u00fanicamente a su modo y lo que conviene a su gente, dado que el juicio sigue su marcha. Por esta labor informativa, Plurinominal ha generado cr\u00edticas de panistas que se cree, intentan obtener trabajo en los patios del ayuntamiento y que despotrican porque para ellos \u201chonestidad\u201d significa que s\u00f3lo se hable a favor.<br \/>\nAun al mediod\u00eda del s\u00e1bado 22 de Septiembre, los pri\u00edstas tomaron una actitud similar a la de sus oponentes albiazules, en la cual se not\u00f3 la ausencia de argumentos ante cada determinaci\u00f3n expresada por quienes aplican la ley, y que les afecta, \u2013todo se resume a \u201csobornos y presiones pol\u00edticas\u2013 pues lejos de esperar un resultado final unos se adelantan al proceso de entrega recepci\u00f3n del ayuntamiento y otros, hablan hasta de un Concejo Ciudadano y realizan proselitismo para elecciones extraordinarias.<br \/>\nEste 22 de septiembre, Rodolfo Gallegos manifest\u00f3 que proven\u00eda de la ciudad de San Luis Potos\u00ed, pues se anexaron otros documentos al expediente para robustecer la defensa del PRI ante el Tribunal Electoral del Poder Judicial de la Federaci\u00f3n.<br \/>\nAnte la nula respuesta a las llamadas telef\u00f3nicas que se hicieron al Maestro Jorge Luis Quintero Lu\u00e9vano para solicitar su explicaci\u00f3n, as\u00ed como a asesores jur\u00eddicos, estableci\u00f3 Gallegos que probablemente \u201cven\u00edan en carretera y no les entraban las llamadas\u201d.<br \/>\nEl Presidente del CDM del PRI, coment\u00f3 que la resoluci\u00f3n no los tom\u00f3 por sorpresa, pues ya la esperaban en ese sentido.<br \/>\nAl conocer el fallo, acudieron el s\u00e1bado 22 septiembre, al Tribunal para fortalecer los argumentos que ha esgrimido el PRI en su defensa.<br \/>\nSe\u00f1al\u00f3 que nuevamente fue tomada en cuenta para conformar el nuevo tribunal la magistrada Carmen Juana Silva Hern\u00e1ndez, quien de acuerdo al pri\u00edsta, tiene intereses pol\u00edticos en el asunto.<br \/>\nSe sabe, que ambos partidos han presentado como pruebas, ejemplares de este medio.<br \/>\nEn un caso, la magistrada admite en n\u00famero de Plurinominal en favor del PAN, caso contrario a lo argumentado con el PRI, que tambi\u00e9n anexa otro ejemplar para explicar sus dichos.<br \/>\nEn esta postura, se indica que este medio circula \u00fanicamente en la localidad y pide como pruebas diarios de circulaci\u00f3n estatal.<br \/>\nEn palabras del comerciante, se alega que el presente asunto pol\u00edtico versa precisamente en un tema de nuestro municipio, donde participaron \u00fanicamente cerritenses, aqu\u00ed, donde se publica y circula Plurinominal.<br \/>\nEn un diario de la Zona Media, Rodo Gallegos declar\u00f3 que esperaba una resoluci\u00f3n urgente, pero \u201cen cualquier sentido\u201d antes del primero de Octubre. Esto inquiet\u00f3 a la comunidad pri\u00edsta.<br \/>\nLuego precis\u00f3 que de ser as\u00ed, y la Sala Regional Monterrey favorece a su partido, se puede evitar la toma de posesi\u00f3n panista, lo que ahora puede ocurrir de acuerdo a la decisi\u00f3n dada a conocer este fin de semana, aunque el juicio de nulidad electoral no concluya.<br \/>\nEl PRI contaba con 4 d\u00edas para acudir a la siguiente instancia y por ello la ma\u00f1ana del s\u00e1bado acudieron a interponer el recurso correspondiente.<br \/>\nPor orden de autoridad de alzada, la Sala de Segunda Instancia del Tribunal Electoral del Poder Judicial del Estado (TEPJE) se integr\u00f3 del modo adecuado y resolvi\u00f3 en favor de Dulce Mar\u00eda Montes la tarde del viernes.<br \/>\nSe hace necesario explicar al p\u00fablico que aunque la resoluci\u00f3n favorece al panismo \u2013de igual modo que se hizo el 29 de agosto\u2013 la Sala Regional Monterrey no ha entrado al fondo del asunto, pues la \u00faltima vez que revoc\u00f3 en contra del PAN, argument\u00f3 la mal conformaci\u00f3n de la Sala de Segunda Instancia, pero nada se dijo sobre los fundamentos de cada una de las partes.<br \/>\nDe igual modo, no debe olvidarse que si la resoluci\u00f3n favorec\u00eda de nuevo al PRI, a sus contrincantes correspond\u00eda acudir a la Sala Monterrey.<\/p>\n","protected":false},"excerpt":{"rendered":"<p>Redacci\u00f3n, con datos de Francisco V.- Ya se esperaba una resoluci\u00f3n en el mismo sentido, debido a las presiones pol\u00edticas que pesan sobre los magistrados, por ello con demasiada anticipaci\u00f3n&#8230;<\/p>\n","protected":false},"author":1,"featured_media":0,"comment_status":"closed","ping_status":"open","sticky":false,"template":"","format":"standard","meta":{"footnotes":""},"categories":[463],"tags":[],"class_list":["post-4034","post","type-post","status-publish","format-standard","hentry","category-politica","entry","simple"],"_links":{"self":[{"href":"https:\/\/www.plurinominal.com.mx\/index.php?rest_route=\/wp\/v2\/posts\/4034","targetHints":{"allow":["GET"]}}],"collection":[{"href":"https:\/\/www.plurinominal.com.mx\/index.php?rest_route=\/wp\/v2\/posts"}],"about":[{"href":"https:\/\/www.plurinominal.com.mx\/index.php?rest_route=\/wp\/v2\/types\/post"}],"author":[{"embeddable":true,"href":"https:\/\/www.plurinominal.com.mx\/index.php?rest_route=\/wp\/v2\/users\/1"}],"replies":[{"embeddable":true,"href":"https:\/\/www.plurinominal.com.mx\/index.php?rest_route=%2Fwp%2Fv2%2Fcomments&post=4034"}],"version-history":[{"count":0,"href":"https:\/\/www.plurinominal.com.mx\/index.php?rest_route=\/wp\/v2\/posts\/4034\/revisions"}],"wp:attachment":[{"href":"https:\/\/www.plurinominal.com.mx\/index.php?rest_route=%2Fwp%2Fv2%2Fmedia&parent=4034"}],"wp:term":[{"taxonomy":"category","embeddable":true,"href":"https:\/\/www.plurinominal.com.mx\/index.php?rest_route=%2Fwp%2Fv2%2Fcategories&post=4034"},{"taxonomy":"post_tag","embeddable":true,"href":"https:\/\/www.plurinominal.com.mx\/index.php?rest_route=%2Fwp%2Fv2%2Ftags&post=4034"}],"curies":[{"name":"wp","href":"https:\/\/api.w.org\/{rel}","templated":true}]}}