{"id":4043,"date":"2012-09-27T00:42:32","date_gmt":"2012-09-27T05:42:32","guid":{"rendered":"http:\/\/www.plurinominal.com.mx\/?p=4043"},"modified":"2012-09-27T00:44:09","modified_gmt":"2012-09-27T05:44:09","slug":"panistas-sostuvieron-reunion-con-erasmo-galvan-de-cara-a-la-toma-de-protesta","status":"publish","type":"post","link":"https:\/\/www.plurinominal.com.mx\/?p=4043","title":{"rendered":"Panistas sostuvieron reuni\u00f3n con Erasmo Galv\u00e1n de cara a la toma de protesta"},"content":{"rendered":"<p><em>Redacci\u00f3n.-<\/em> Con el resultado de segunda instancia que de nuevo valida la constancia de mayor\u00eda en favor de Dulce Mar\u00eda Montes en el proceso que est\u00e1 pronto a definirse por la Sala Regional Monterrey, la comitiva panista se encuentra lista para llevar a cabo el proceso de entrega recepci\u00f3n.<br \/>\nLa ma\u00f1ana de este lunes 24, los elegidos para tal tarea regresaron a los patios presidenciales para seguir con la revisi\u00f3n f\u00edsica de cada departamento.<br \/>\nFiliberto Guerrero Gonz\u00e1lez, Jessica Tapia y Francisco Contreras fueron acompa\u00f1ados por Montes Z\u00fa\u00f1iga y su esposo, el ex candidato Juan Arturo Narv\u00e1ez Banda que seg\u00fan declaraciones del mismo, \u201cdespachar\u00e1 desde el DIF\u201d.<br \/>\nConfirmaron que gracias a la resoluci\u00f3n de segunda instancia, tomar\u00e1n protesta el primero de octubre, aunque se desconoce si antes podr\u00eda haber ya una resoluci\u00f3n final en el asunto que se resolver\u00e1 en Monterrey.<br \/>\n\u201cEsta semana ser\u00e1 dedicada para verificar que todo est\u00e9 en regla. Hay departamentos que entregar\u00e1n documentaci\u00f3n y cuentas hasta este pr\u00f3ximo domingo, en caso contrario la mayor\u00eda de los departamentos ya realizaron la entrega recepci\u00f3n y con ellos ser\u00e1 con quienes comencemos esta labor de manera f\u00edsica\u201d. Pronunci\u00f3 la Licenciada en Ciencias de la Comunicaci\u00f3n.<br \/>\nAgreg\u00f3 que el lunes primero de octubre por la ma\u00f1ana, como \u201cpresidenta electa\u201d se llevar\u00e1 a cabo la toma de protesta acompa\u00f1ada por su comitiva donde presentar\u00e1n a los funcionarios de primer nivel.<br \/>\nPara ello se est\u00e1 proyectando invitar a los cerritenses a un acto masivo, en la plaza principal.<br \/>\nPor otro lado, luego de la reuni\u00f3n la profesora Norma Quintero Flores inform\u00f3 algunos de los puntos tratados con los posibles futuros funcionarios.<br \/>\nExpuso que se discuti\u00f3 el protocolo de la toma de protesta y el apoyo de log\u00edstica que brindar\u00eda el ayuntamiento.<br \/>\nDentro de los acuerdos incluyeron la convocatoria para el d\u00eda viernes a las 10:00 de la ma\u00f1ana con directivos y coordinadores de departamentos para dar indicaciones generales ante el personal con que el ayuntamiento cuenta .<br \/>\nAll\u00ed se discutir\u00e1n las posibles liquidaciones a elementos de la presidencia que ocupan puestos de confianza como tesorer\u00eda, secretar\u00eda y contralor\u00eda, a los que se les entregar\u00e1 el pago de aguinaldo y primas vacacionales no cobradas.<br \/>\nDe all\u00ed en fuera cualquier otra decisi\u00f3n corresponder\u00e1 a la administraci\u00f3n entrante.<br \/>\nSe desconoce hasta la fecha quienes permanecer\u00e1n en los departamentos y coordinaciones actuales.<\/p>\n<p><strong>Dulce Mar\u00eda Montes declar\u00f3 sobre el asunto pol\u00edtico que aun enfrentan<\/strong><\/p>\n<p>Sobre el asunto legal, la Licenciada dijo, \u201cYa est\u00e1 m\u00e1s que confirmado el hecho de que fue v\u00e1lida la elecci\u00f3n&#8230; ya lo confirm\u00f3 un tribunal en segunda instancia que se form\u00f3 por nuevos magistrados&#8230; vuelven a confirmar por unanimidad la elecci\u00f3n de Acci\u00f3n Nacional en Cerritos&#8230; yo ya veo muy dif\u00edcil que se cambie la resoluci\u00f3n que viene bien fundamentada, sobre todo por el poco tiempo con que se cuenta para el an\u00e1lisis correspondiente&#8230; ya 2 veces confirmado por unanimidad creo que es m\u00e1s que suficiente. Como siempre lo hemos dicho, el tribunal electoral est\u00e1 para hacer valer el voto y creemos que as\u00ed va a ser, van a defender el voto que ya emitimos el primero de julio\u201d.<\/p>\n","protected":false},"excerpt":{"rendered":"<p>Redacci\u00f3n.- Con el resultado de segunda instancia que de nuevo valida la constancia de mayor\u00eda en favor de Dulce Mar\u00eda Montes en el proceso que est\u00e1 pronto a definirse por&#8230;<\/p>\n","protected":false},"author":1,"featured_media":4044,"comment_status":"closed","ping_status":"open","sticky":false,"template":"","format":"standard","meta":{"footnotes":""},"categories":[3],"tags":[],"class_list":["post-4043","post","type-post","status-publish","format-standard","has-post-thumbnail","hentry","category-cerritos","entry","simple"],"_links":{"self":[{"href":"https:\/\/www.plurinominal.com.mx\/index.php?rest_route=\/wp\/v2\/posts\/4043","targetHints":{"allow":["GET"]}}],"collection":[{"href":"https:\/\/www.plurinominal.com.mx\/index.php?rest_route=\/wp\/v2\/posts"}],"about":[{"href":"https:\/\/www.plurinominal.com.mx\/index.php?rest_route=\/wp\/v2\/types\/post"}],"author":[{"embeddable":true,"href":"https:\/\/www.plurinominal.com.mx\/index.php?rest_route=\/wp\/v2\/users\/1"}],"replies":[{"embeddable":true,"href":"https:\/\/www.plurinominal.com.mx\/index.php?rest_route=%2Fwp%2Fv2%2Fcomments&post=4043"}],"version-history":[{"count":0,"href":"https:\/\/www.plurinominal.com.mx\/index.php?rest_route=\/wp\/v2\/posts\/4043\/revisions"}],"wp:featuredmedia":[{"embeddable":true,"href":"https:\/\/www.plurinominal.com.mx\/index.php?rest_route=\/wp\/v2\/media\/4044"}],"wp:attachment":[{"href":"https:\/\/www.plurinominal.com.mx\/index.php?rest_route=%2Fwp%2Fv2%2Fmedia&parent=4043"}],"wp:term":[{"taxonomy":"category","embeddable":true,"href":"https:\/\/www.plurinominal.com.mx\/index.php?rest_route=%2Fwp%2Fv2%2Fcategories&post=4043"},{"taxonomy":"post_tag","embeddable":true,"href":"https:\/\/www.plurinominal.com.mx\/index.php?rest_route=%2Fwp%2Fv2%2Ftags&post=4043"}],"curies":[{"name":"wp","href":"https:\/\/api.w.org\/{rel}","templated":true}]}}