{"id":4048,"date":"2012-09-27T00:45:43","date_gmt":"2012-09-27T05:45:43","guid":{"rendered":"http:\/\/www.plurinominal.com.mx\/?p=4048"},"modified":"2012-09-29T20:53:06","modified_gmt":"2012-09-30T01:53:06","slug":"el-cabildo-mas-voraz-de-nuestra-historia","status":"publish","type":"post","link":"https:\/\/www.plurinominal.com.mx\/?p=4048","title":{"rendered":"El Cabildo m\u00e1s voraz de nuestra historia"},"content":{"rendered":"<p><em>Redacci\u00f3n, con datos de Rom\u00e1n G.-<\/em> En base a las facultades que la ley les otorga, los ediles del municipio se autorizaron a favor una \u201ccompensaci\u00f3n extraordinaria\u201d que consiste en 50 d\u00edas de salario para cada uno.<br \/>\nEl 3 de Septiembre, en el punto general n\u00famero 4 del acta de Cabildo de la Sesi\u00f3n 104 Ordinaria, se acord\u00f3 \u201crecibir una compensaci\u00f3n extra que les permita cubrir los gastos para concluir las comisiones asignadas con el prop\u00f3sito de rendir un informe final\u201d, lo que fue aprobado por 8 votos que fueron comunes para todos los integrantes.<br \/>\nSobre su elecci\u00f3n para llevar a cabo una determinada labor, representando a los partidos PRI, PAN y PT, en 3 a\u00f1os se ignora casi por completo el resumen de las acciones de cada Regidor.<br \/>\nMucho se hab\u00eda mencionado por los propios funcionarios de la crisis econ\u00f3mica que se padece al interior del ayuntamiento, a la cual contribuyeron al haberse aprobado en diciembre de 2009 un incremento de salarios al doble, pero ello no fue suficiente para que se concientizaran y contrario a ello, pretendieron \u201cdar el tiro de gracia\u201d a la presidencia.<br \/>\nPosteriormente en el punto n\u00famero 15 de la Sesi\u00f3n Extraordinaria 109, de fecha 12 de septiembre del a\u00f1o en curso, Irma Nubia Rodr\u00edguez Carbajal, (que primero aprob\u00f3 la compensaci\u00f3n) realiz\u00f3 la propuesta de que la medida no deb\u00eda llevarse a cabo ante las deudas que todav\u00eda se enfrentaban, como el pago de n\u00f3mina y a proveedores, entre otros, por ello deb\u00eda revocarse el punto para impedir su ejecuci\u00f3n.<br \/>\nAun as\u00ed, la mayor\u00eda de los regidores se opusieron dejando claras las intenciones de incrementar su patrimonio y los votos no fueron en favor de la revocaci\u00f3n sino 4 en contra de la proposici\u00f3n, s\u00f3lo una abstenci\u00f3n y 3 votos pidiendo la revocaci\u00f3n.<br \/>\nSe inform\u00f3 que los regidores esperan vorazmente la llegada de recursos para tomar de all\u00ed su parte, que corresponde a 50 d\u00edas del salario de cada uno sumados a las cantidades que perciben.<br \/>\n15 mil pesos es la mensualidad que obtiene cada regidor, 20 mil la S\u00edndico y 40 mil el Presidente Municipal. Por ello con la compensaci\u00f3n cada regidor sumar\u00eda a su salario aproximadamente 25 mil pesos, la S\u00edndico 33 mil, y 66 mil pesos para el presidente municipal. Cifras jam\u00e1s observadas en la historia de un Cabildo cerritense que mucho se quej\u00f3 de n\u00fameros rojos y que todav\u00eda antes de su salida, utiliz\u00f3 este pretexto para evadir deudas que por ley corresponden a ex trabajadores.<br \/>\nAunque hasta el 25 de septiembre no se conoc\u00eda que ya se hubiera otorgado la cantidad en favor de los ediles \u2013por las carencias que se padecen en el ayuntamiento\u2013 los prop\u00f3sitos de los \u201cservidores p\u00fablicos electos por votaci\u00f3n popular\u201d son obvios.<br \/>\nLa medida se considera entre los cr\u00edticos locales como un \u201cs\u00faper bono disfrazado\u201d.<br \/>\nHasta el 30 de septiembre se tiene contemplada la salida de los integrantes de Cabildo, fecha en que ya se podr\u00edan haber repartido la cantidad si las cuentas del municipio se los permiten.<br \/>\nAunque la \u201ccompensaci\u00f3n extraordinaria\u201d se aprob\u00f3 con la finalidad de rendir un informe sobre sus comisiones, sobre \u00e9stas en el lapso de 3 a\u00f1os casi nada se conoce, incluso una oficina que se abri\u00f3 para atender directamente al p\u00fablico tuvo que cerrarse. Siempre la misma luci\u00f3 desolada.<br \/>\n A la fecha se supo que \u00e9ste trabajo \u201cinformativo\u201d s\u00f3lo se ha limitado a escasa documentaci\u00f3n que se ha entregado al personal a cargo de la \u201ctransparencia\u201d, pero nadie duda que el actuar de los miembros del cuerpo edilicio fue miserable durante el trienio.<\/p>\n","protected":false},"excerpt":{"rendered":"<p>Redacci\u00f3n, con datos de Rom\u00e1n G.- En base a las facultades que la ley les otorga, los ediles del municipio se autorizaron a favor una \u201ccompensaci\u00f3n extraordinaria\u201d que consiste en&#8230;<\/p>\n","protected":false},"author":1,"featured_media":4049,"comment_status":"closed","ping_status":"open","sticky":false,"template":"","format":"standard","meta":{"footnotes":""},"categories":[3],"tags":[],"class_list":["post-4048","post","type-post","status-publish","format-standard","has-post-thumbnail","hentry","category-cerritos","entry","simple"],"_links":{"self":[{"href":"https:\/\/www.plurinominal.com.mx\/index.php?rest_route=\/wp\/v2\/posts\/4048","targetHints":{"allow":["GET"]}}],"collection":[{"href":"https:\/\/www.plurinominal.com.mx\/index.php?rest_route=\/wp\/v2\/posts"}],"about":[{"href":"https:\/\/www.plurinominal.com.mx\/index.php?rest_route=\/wp\/v2\/types\/post"}],"author":[{"embeddable":true,"href":"https:\/\/www.plurinominal.com.mx\/index.php?rest_route=\/wp\/v2\/users\/1"}],"replies":[{"embeddable":true,"href":"https:\/\/www.plurinominal.com.mx\/index.php?rest_route=%2Fwp%2Fv2%2Fcomments&post=4048"}],"version-history":[{"count":0,"href":"https:\/\/www.plurinominal.com.mx\/index.php?rest_route=\/wp\/v2\/posts\/4048\/revisions"}],"wp:featuredmedia":[{"embeddable":true,"href":"https:\/\/www.plurinominal.com.mx\/index.php?rest_route=\/wp\/v2\/media\/4049"}],"wp:attachment":[{"href":"https:\/\/www.plurinominal.com.mx\/index.php?rest_route=%2Fwp%2Fv2%2Fmedia&parent=4048"}],"wp:term":[{"taxonomy":"category","embeddable":true,"href":"https:\/\/www.plurinominal.com.mx\/index.php?rest_route=%2Fwp%2Fv2%2Fcategories&post=4048"},{"taxonomy":"post_tag","embeddable":true,"href":"https:\/\/www.plurinominal.com.mx\/index.php?rest_route=%2Fwp%2Fv2%2Ftags&post=4048"}],"curies":[{"name":"wp","href":"https:\/\/api.w.org\/{rel}","templated":true}]}}