{"id":4061,"date":"2012-10-01T12:27:47","date_gmt":"2012-10-01T17:27:47","guid":{"rendered":"http:\/\/www.plurinominal.com.mx\/?p=4061"},"modified":"2012-10-01T12:27:47","modified_gmt":"2012-10-01T17:27:47","slug":"fallecio-jesus-izaguirre-farias","status":"publish","type":"post","link":"https:\/\/www.plurinominal.com.mx\/?p=4061","title":{"rendered":"Falleci\u00f3 Jes\u00fas Izaguirre Far\u00edas"},"content":{"rendered":"<p><em>Marco Serna, 12:25 PM.-<\/em> La muerte del Ingeniero J. de Jes\u00fas Izaguirre Far\u00edas se inform\u00f3 la ma\u00f1ana de hoy. Al parecer el hombre que tuvo por tarea llevar la contabilidad de decenas de cerritenses muri\u00f3 en la capital, donde luego de someterse a un tratamiento, muri\u00f3 repentinamente.<br \/>\nLas primeras versiones indican que fue v\u00edctima de una neumon\u00eda, lo que no ha sido comprobado por este medio.<br \/>\nIzaguirre Far\u00edas, fue columnista de Plurinominal y fungi\u00f3 como encargado del archivo durante el gobierno de Erasmo Galv\u00e1n Nieto.<br \/>\nSiempre critic\u00f3 a los gobiernos pri\u00edstas y panistas.<br \/>\nApasionado de la pol\u00edtica, form\u00f3 parte de la corriente de izquierda del ciudadano Andr\u00e9s Manuel L\u00f3pez Obrador.<\/p>\n","protected":false},"excerpt":{"rendered":"<p>Marco Serna, 12:25 PM.- La muerte del Ingeniero J. de Jes\u00fas Izaguirre Far\u00edas se inform\u00f3 la ma\u00f1ana de hoy. Al parecer el hombre que tuvo por tarea llevar la contabilidad&#8230;<\/p>\n","protected":false},"author":1,"featured_media":0,"comment_status":"closed","ping_status":"open","sticky":false,"template":"","format":"standard","meta":{"footnotes":""},"categories":[3],"tags":[],"class_list":["post-4061","post","type-post","status-publish","format-standard","hentry","category-cerritos","entry","simple"],"_links":{"self":[{"href":"https:\/\/www.plurinominal.com.mx\/index.php?rest_route=\/wp\/v2\/posts\/4061","targetHints":{"allow":["GET"]}}],"collection":[{"href":"https:\/\/www.plurinominal.com.mx\/index.php?rest_route=\/wp\/v2\/posts"}],"about":[{"href":"https:\/\/www.plurinominal.com.mx\/index.php?rest_route=\/wp\/v2\/types\/post"}],"author":[{"embeddable":true,"href":"https:\/\/www.plurinominal.com.mx\/index.php?rest_route=\/wp\/v2\/users\/1"}],"replies":[{"embeddable":true,"href":"https:\/\/www.plurinominal.com.mx\/index.php?rest_route=%2Fwp%2Fv2%2Fcomments&post=4061"}],"version-history":[{"count":0,"href":"https:\/\/www.plurinominal.com.mx\/index.php?rest_route=\/wp\/v2\/posts\/4061\/revisions"}],"wp:attachment":[{"href":"https:\/\/www.plurinominal.com.mx\/index.php?rest_route=%2Fwp%2Fv2%2Fmedia&parent=4061"}],"wp:term":[{"taxonomy":"category","embeddable":true,"href":"https:\/\/www.plurinominal.com.mx\/index.php?rest_route=%2Fwp%2Fv2%2Fcategories&post=4061"},{"taxonomy":"post_tag","embeddable":true,"href":"https:\/\/www.plurinominal.com.mx\/index.php?rest_route=%2Fwp%2Fv2%2Ftags&post=4061"}],"curies":[{"name":"wp","href":"https:\/\/api.w.org\/{rel}","templated":true}]}}