{"id":4086,"date":"2012-10-03T20:27:26","date_gmt":"2012-10-04T01:27:26","guid":{"rendered":"http:\/\/www.plurinominal.com.mx\/?p=4086"},"modified":"2012-10-08T20:28:45","modified_gmt":"2012-10-09T01:28:45","slug":"despidieron-a-jesus-izaguirre","status":"publish","type":"post","link":"https:\/\/www.plurinominal.com.mx\/?p=4086","title":{"rendered":"Despidieron a Jes\u00fas Izaguirre"},"content":{"rendered":"<p><em>Marco Serna y Rom\u00e1n G.-<\/em> La muerte del Ingeniero J. de Jes\u00fas Izaguirre Far\u00edas se inform\u00f3 la ma\u00f1ana del lunes primero de Octubre, justo a 3 a\u00f1os de cuando particip\u00f3 en el protocolo del gobierno saliente.<br \/>\nAl parecer el hombre que tuvo por tarea llevar la contabilidad de decenas de cerritenses muri\u00f3 en la capital, donde luego de someterse a un tratamiento m\u00e9dico, perdi\u00f3 la batalla.<br \/>\nLas primeras versiones indicaron que fue v\u00edctima de una neumon\u00eda, lo que no ha sido comprobado por este medio.<br \/>\nIzaguirre Far\u00edas, fue columnista de Plurinominal y fungi\u00f3 como encargado del archivo durante el gobierno de Erasmo Galv\u00e1n Nieto. En sus escritos, siempre critic\u00f3 a los gobiernos pri\u00edstas y panistas.<br \/>\nApasionado de la pol\u00edtica, form\u00f3 parte de la corriente de izquierda del ciudadano Andr\u00e9s Manuel L\u00f3pez Obrador.<br \/>\nEl cuerpo del Ingeniero que siempre se esmer\u00f3 por lo justo de las cosas, fue homenajeado en la Escuela Preparatoria de Cerritos la tarde del martes.<br \/>\nAcudieron al acto, los directivos, docentes y alumnos de la instituci\u00f3n, as\u00ed como la familia Izaguirre Hern\u00e1ndez.<br \/>\nJes\u00fas Izaguirre lleg\u00f3 a ser parte del personal de la escuela.<br \/>\nAntes de su traslado al pante\u00f3n, se ofreci\u00f3 una misa por el p\u00e1rroco Mariano Zamarripa D\u00edaz.<br \/>\nEn la Preparatoria, se le recibi\u00f3 por parte de familiares y compa\u00f1eros laborales.<br \/>\nEl Director del plantel, Everardo Mu\u00f1iz record\u00f3 cuando el fallecido perteneci\u00f3 a la Preparatoria como alumno precisamente en el a\u00f1o de fundaci\u00f3n, en 1970.<br \/>\nPasado el tiempo y ya egresado como profesionista del Instituto Tecnol\u00f3gico Regional de San Luis Potos\u00ed, se incorpor\u00f3 al equipo de trabajo donde imparti\u00f3 en el a\u00f1o de 1980 la materia de Computaci\u00f3n, ya en los nuevos programas de bachilleratos en las preparatorias dependientes de la Universidad Aut\u00f3noma de San Luis Potos\u00ed, \u00e9poca aquella en que eran pocas las facultades de Educaci\u00f3n Superior que impart\u00edan esas t\u00e9cnicas en el pa\u00eds.<br \/>\nA\u00f1os m\u00e1s tarde fue nombrado subdirector de la instituci\u00f3n, cuando el profesor Salvador Nieto ocup\u00f3 el cargo de Director. Al retirarse, correspondi\u00f3 al ingeniero el nombramiento.<br \/>\nIzaguirre fue el tercero en la historia de la preparatoria en ocupar el cargo.<br \/>\nAntes de llegar a su \u00faltima morada, el personal docente llev\u00f3 a cabo guardias de honor.<br \/>\nQuienes lo conocieron, le recordar\u00e1n no como un profesionista si no como un amigo entra\u00f1able.<br \/>\nAl homenaje se unieron la licenciada Jaqueline Jim\u00e9nez Cazares y Samuel Balderas Saavedra.<br \/>\nAntes de la despedida se escuch\u00f3 un minuto de aplausos.       <\/p>\n","protected":false},"excerpt":{"rendered":"<p>Marco Serna y Rom\u00e1n G.- La muerte del Ingeniero J. de Jes\u00fas Izaguirre Far\u00edas se inform\u00f3 la ma\u00f1ana del lunes primero de Octubre, justo a 3 a\u00f1os de cuando particip\u00f3&#8230;<\/p>\n","protected":false},"author":1,"featured_media":4087,"comment_status":"closed","ping_status":"open","sticky":false,"template":"","format":"standard","meta":{"footnotes":""},"categories":[3],"tags":[],"class_list":["post-4086","post","type-post","status-publish","format-standard","has-post-thumbnail","hentry","category-cerritos","entry","simple"],"_links":{"self":[{"href":"https:\/\/www.plurinominal.com.mx\/index.php?rest_route=\/wp\/v2\/posts\/4086","targetHints":{"allow":["GET"]}}],"collection":[{"href":"https:\/\/www.plurinominal.com.mx\/index.php?rest_route=\/wp\/v2\/posts"}],"about":[{"href":"https:\/\/www.plurinominal.com.mx\/index.php?rest_route=\/wp\/v2\/types\/post"}],"author":[{"embeddable":true,"href":"https:\/\/www.plurinominal.com.mx\/index.php?rest_route=\/wp\/v2\/users\/1"}],"replies":[{"embeddable":true,"href":"https:\/\/www.plurinominal.com.mx\/index.php?rest_route=%2Fwp%2Fv2%2Fcomments&post=4086"}],"version-history":[{"count":0,"href":"https:\/\/www.plurinominal.com.mx\/index.php?rest_route=\/wp\/v2\/posts\/4086\/revisions"}],"wp:featuredmedia":[{"embeddable":true,"href":"https:\/\/www.plurinominal.com.mx\/index.php?rest_route=\/wp\/v2\/media\/4087"}],"wp:attachment":[{"href":"https:\/\/www.plurinominal.com.mx\/index.php?rest_route=%2Fwp%2Fv2%2Fmedia&parent=4086"}],"wp:term":[{"taxonomy":"category","embeddable":true,"href":"https:\/\/www.plurinominal.com.mx\/index.php?rest_route=%2Fwp%2Fv2%2Fcategories&post=4086"},{"taxonomy":"post_tag","embeddable":true,"href":"https:\/\/www.plurinominal.com.mx\/index.php?rest_route=%2Fwp%2Fv2%2Ftags&post=4086"}],"curies":[{"name":"wp","href":"https:\/\/api.w.org\/{rel}","templated":true}]}}