{"id":4098,"date":"2012-10-04T23:18:03","date_gmt":"2012-10-05T04:18:03","guid":{"rendered":"http:\/\/www.plurinominal.com.mx\/?p=4098"},"modified":"2012-10-09T23:19:10","modified_gmt":"2012-10-10T04:19:10","slug":"ningun-bono-compensacion-extraordinaria-ni-aumento-de-salario-prometen-ediles","status":"publish","type":"post","link":"https:\/\/www.plurinominal.com.mx\/?p=4098","title":{"rendered":"Ning\u00fan bono, compensaci\u00f3n extraordinaria ni aumento de salario, prometen ediles"},"content":{"rendered":"<ul>\n<li>Inician labores con el mismo salario de antecesores<\/li>\n<\/ul>\n<figure id=\"attachment_4099\" aria-describedby=\"caption-attachment-4099\" style=\"width: 157px\" class=\"wp-caption alignright\"><a href=\"https:\/\/www.plurinominal.com.mx\/wp-content\/uploads\/5-cabildo.jpg\"><img loading=\"lazy\" decoding=\"async\" class=\"size-full wp-image-4099\" title=\"5 cabildo\" src=\"https:\/\/www.plurinominal.com.mx\/wp-content\/uploads\/5-cabildo.jpg\" alt=\"\" width=\"157\" height=\"118\" \/><\/a><figcaption id=\"caption-attachment-4099\" class=\"wp-caption-text\">Los ediles. \u00bfMedidas austeras?<\/figcaption><\/figure>\n<p><em>Redacci\u00f3n.-<\/em> La primera sesi\u00f3n solemne del nuevo Cabildo se llev\u00f3 a cabo la ma\u00f1ana del primero de Octubre.<br \/>\nAll\u00ed, seg\u00fan se inform\u00f3 a Plurinominal, en el primer acuerdo los ediles aprobaron por unanimidad no promover compensaciones extraordinarias, aumento de salarios ni bonos durante el trienio, aunque iniciaron con el mismo salario, medida que les beneficia gracias a sus antecesores. La decisi\u00f3n se aprob\u00f3 por unanimidad.<br \/>\nLa reuni\u00f3n signific\u00f3 el comienzo de las labores del nuevo ayuntamiento 2012-2015 liderado por la mujer que result\u00f3 alcaldesa de Cerritos, Dulce Mar\u00eda Montes Z\u00fa\u00f1iga, donde se hicieron presentes los ex integrantes del Cabildo encabezados por Erasmo Galv\u00e1n Nieto.<br \/>\nAl frente del nuevo cuerpo de edilicio se encuentra la Licenciada en Ciencias de la Comunicaci\u00f3n. Le sigue el Profesor Filiberto Guerrero Mart\u00ednez, primer regidor de mayor\u00eda relativa, la Qu\u00edmica Farmacobi\u00f3loga Alma Migdalia Mart\u00ednez Gallegos, primera regidora de representaci\u00f3n proporcional, Ra\u00fal Gonz\u00e1lez B\u00e1ez, segundo regidor, Profesor Jos\u00e9 Amaro Turrubiartes, tercer regidor, Rodolfo Gallegos como cuarto edil y el Lic. No\u00e9 Zapata Gonz\u00e1lez como quinto regidor.<br \/>\nPor su parte la Licenciada Jessica Tapia Mart\u00ednez, tendr\u00e1 a su cargo la Sindicatura Municipal, Alfredo S\u00e1nchez Az\u00faa la Secretar\u00eda General del H. Ayuntamiento, Jos\u00e9 Cruz Garc\u00eda V\u00e1zquez ser\u00e1 el Contralor Municipal y Silvia Rodr\u00edguez Mart\u00ednez Tesorera Municipal.<br \/>\nA la reuni\u00f3n se presentaron el Lic. Antonio Mart\u00ednez Mart\u00ednez, Secretario de Educaci\u00f3n de Gobierno del Estado en representaci\u00f3n del Dr. Fernando Toranzo Fern\u00e1ndez, Gobernador Constitucional del Estado de San Luis Potos\u00ed, as\u00ed como tambi\u00e9n el Diputado Miguel de Jes\u00fas Maza Hern\u00e1ndez Coordinador de la Fracci\u00f3n Parlamentaria del Partido Acci\u00f3n Nacional en el Congreso del Estado, en representaci\u00f3n del mismo.<br \/>\nPosteriormente, se dar\u00eda inicio la toma de protesta de la nueva alcaldesa, cerca de las 11:00 horas del 1 de Octubre en la plaza principal.<br \/>\nEl acto inici\u00f3 con las intervenciones de la Escolta y Banda de Guerra de la Escuela T\u00e9cnica n\u00famero 11.<br \/>\nA la toma de protesta asistieron invitados especiales como el Senador por el partido Acci\u00f3n Nacional (PAN) Octavio Pedroza Gayt\u00e1n, as\u00ed como el Representante del PAN en el estado Alfredo Fern\u00e1ndez Moreno.<br \/>\nAnte una nutrida audiencia de simpatizantes y p\u00fablico en general, uno a uno fueron nombrados los nuevos directores y coordinadores del H. Ayuntamiento: Sistema DIF municipal Maestra Lorenza Escobar Nava, Direcci\u00f3n de Desarrollo Social Uriel Monreal Guerrero, Direcci\u00f3n de Desarrollo Rural Ing. Carlos Alberto Cerda Guerrero, Direcci\u00f3n de Obras P\u00fablicas Ing. Federico Nava Mart\u00ednez, Direcci\u00f3n de Catastro Ing. Rosalinda Guzm\u00e1n, Coordinaci\u00f3n del Sistema DIF Municipal Belinda Gallegos Espinoza, Coordinaci\u00f3n de Salud Dra. Martha Izaguirre Mora, Coordinaci\u00f3n de Comunicaci\u00f3n Social Alberto Chiquito P\u00e9rez, Coordinaci\u00f3n de Servicios P\u00fablicos Gerardo Guerrero, Coordinaci\u00f3n de Deportes Lic. Educaci\u00f3n F\u00edsica Florencio Gonz\u00e1lez Orozco, Coordinaci\u00f3n de Cultura Lic. en M\u00fasica Fernando M\u00e1rquez Ruiz, Coordinaci\u00f3n de Protecci\u00f3n Civil Prof. J. Gerardo Y\u00e1\u00f1ez Mart\u00ednez y Coordinaci\u00f3n de Adquisiciones Tom\u00e1s de Le\u00f3n Hern\u00e1ndez.<br \/>\nCon el agradecimiento a los asistentes de la Licenciada Dulce Mar\u00eda Montes Z\u00fa\u00f1iga, se dio por finalizada la toma de protesta de la administraci\u00f3n p\u00fablica municipal correspondiente al periodo 2012-2015, para ofrecer un banquete.<\/p>\n","protected":false},"excerpt":{"rendered":"<p>Inician labores con el mismo salario de antecesores Redacci\u00f3n.- La primera sesi\u00f3n solemne del nuevo Cabildo se llev\u00f3 a cabo la ma\u00f1ana del primero de Octubre. All\u00ed, seg\u00fan se inform\u00f3&#8230;<\/p>\n","protected":false},"author":1,"featured_media":0,"comment_status":"closed","ping_status":"open","sticky":false,"template":"","format":"standard","meta":{"footnotes":""},"categories":[3],"tags":[],"class_list":["post-4098","post","type-post","status-publish","format-standard","hentry","category-cerritos","entry","simple"],"_links":{"self":[{"href":"https:\/\/www.plurinominal.com.mx\/index.php?rest_route=\/wp\/v2\/posts\/4098","targetHints":{"allow":["GET"]}}],"collection":[{"href":"https:\/\/www.plurinominal.com.mx\/index.php?rest_route=\/wp\/v2\/posts"}],"about":[{"href":"https:\/\/www.plurinominal.com.mx\/index.php?rest_route=\/wp\/v2\/types\/post"}],"author":[{"embeddable":true,"href":"https:\/\/www.plurinominal.com.mx\/index.php?rest_route=\/wp\/v2\/users\/1"}],"replies":[{"embeddable":true,"href":"https:\/\/www.plurinominal.com.mx\/index.php?rest_route=%2Fwp%2Fv2%2Fcomments&post=4098"}],"version-history":[{"count":0,"href":"https:\/\/www.plurinominal.com.mx\/index.php?rest_route=\/wp\/v2\/posts\/4098\/revisions"}],"wp:attachment":[{"href":"https:\/\/www.plurinominal.com.mx\/index.php?rest_route=%2Fwp%2Fv2%2Fmedia&parent=4098"}],"wp:term":[{"taxonomy":"category","embeddable":true,"href":"https:\/\/www.plurinominal.com.mx\/index.php?rest_route=%2Fwp%2Fv2%2Fcategories&post=4098"},{"taxonomy":"post_tag","embeddable":true,"href":"https:\/\/www.plurinominal.com.mx\/index.php?rest_route=%2Fwp%2Fv2%2Ftags&post=4098"}],"curies":[{"name":"wp","href":"https:\/\/api.w.org\/{rel}","templated":true}]}}