{"id":4109,"date":"2012-10-06T01:31:37","date_gmt":"2012-10-06T06:31:37","guid":{"rendered":"http:\/\/www.plurinominal.com.mx\/?p=4109"},"modified":"2012-10-12T01:34:17","modified_gmt":"2012-10-12T06:34:17","slug":"raquiticas-cantidades-al-desocupar-a-trabajadores-del-ayuntamiento","status":"publish","type":"post","link":"https:\/\/www.plurinominal.com.mx\/?p=4109","title":{"rendered":"Raqu\u00edticas cantidades al desocupar a trabajadores del ayuntamiento"},"content":{"rendered":"<figure id=\"attachment_4110\" aria-describedby=\"caption-attachment-4110\" style=\"width: 157px\" class=\"wp-caption alignright\"><a href=\"https:\/\/www.plurinominal.com.mx\/wp-content\/uploads\/13-despidos-trabajadores.jpg\"><img loading=\"lazy\" decoding=\"async\" class=\"size-full wp-image-4110\" title=\"13 despidos trabajadores\" src=\"https:\/\/www.plurinominal.com.mx\/wp-content\/uploads\/13-despidos-trabajadores.jpg\" alt=\"\" width=\"157\" height=\"118\" \/><\/a><figcaption id=\"caption-attachment-4110\" class=\"wp-caption-text\">Los panistas llegaron corriendo gente. La misma acci\u00f3n le criticaron a Salvador Mart\u00ednez Sifuentes.<\/figcaption><\/figure>\n<p><em>Francisco V.-<\/em> A varios trabajadores que a la llegada de la administraci\u00f3n panista se les comunic\u00f3 su destituci\u00f3n, se les pretende indemnizar con cantidades que consideran raqu\u00edticas.<br \/>\nLas negociaciones empezaron la semana pasada, aunque algunos revelaron que se les pretend\u00eda pagarles la parte proporcional del aguinaldo.<br \/>\nLos empleados buscaron asesor\u00eda con diferentes litigantes para evitar ser sorprendidos.<br \/>\nPrimero se inform\u00f3 sobre 30 personas, pero se habla de un n\u00famero mucho mayor que al parecer ser\u00eda despedido.<br \/>\nUno a uno fueron llamados ante la licenciada Jessica Tapia, S\u00edndico Municipal y el Licenciado Juan Ortega.<br \/>\nA este \u00faltimo ahora lo llaman \u201cEl Judas\u201d, ya que particip\u00f3 en la administraci\u00f3n de Erasmo Galv\u00e1n como auxiliar de Comercio y en favor del Sindicato de Trabajadores. Hoy se ha convertido en ejecutor de los propios empleados.<br \/>\nLos empleados \u201cpetistas\u201d, ser\u00e1n despedidos.<br \/>\nSu liquidaci\u00f3n la recibir\u00e1n hasta el mes de enero, lo que gener\u00f3 un clima de inconformidad.<br \/>\nSe les propone la cantidad de $7,000 pesos.<br \/>\nA otros, les aumentaron la oferta a 20 mil, pero un grupo denunci\u00f3 sumas risibles de 2 y 4 mil pesos por 3 a\u00f1os de trabajo.<br \/>\nLos m\u00e1s desfavorecidos ganan un salario de $ 750 pesos a la semana.<br \/>\nSe indic\u00f3 que si los indemnizan de acuerdo a lo establecido en la ley, alcanzan la suma de 39 mil pesos pesos, o cantidades similares, todo depende del salario que devengaban.<br \/>\nAbogados les manifestaron que por el \u00faltimo a\u00f1o laborado son tres meses de salario y 20 d\u00edas por cada uno de los anteriores, adem\u00e1s la parte proporcional de aguinaldo y sus primas vacacionales, con lo que hablan de alrededor de 150 d\u00edas de indemnizaci\u00f3n.<br \/>\nMuchos de los ex trabajadores no estuvieron de acuerdo con lo que pretenden entregarles como indemnizaci\u00f3n y buscaron la asesor\u00eda de un buffet jur\u00eddico de la ciudad de San Luis Potos\u00ed.<\/p>\n","protected":false},"excerpt":{"rendered":"<p>Francisco V.- A varios trabajadores que a la llegada de la administraci\u00f3n panista se les comunic\u00f3 su destituci\u00f3n, se les pretende indemnizar con cantidades que consideran raqu\u00edticas. Las negociaciones empezaron&#8230;<\/p>\n","protected":false},"author":1,"featured_media":0,"comment_status":"closed","ping_status":"open","sticky":false,"template":"","format":"standard","meta":{"footnotes":""},"categories":[3],"tags":[],"class_list":["post-4109","post","type-post","status-publish","format-standard","hentry","category-cerritos","entry","simple"],"_links":{"self":[{"href":"https:\/\/www.plurinominal.com.mx\/index.php?rest_route=\/wp\/v2\/posts\/4109","targetHints":{"allow":["GET"]}}],"collection":[{"href":"https:\/\/www.plurinominal.com.mx\/index.php?rest_route=\/wp\/v2\/posts"}],"about":[{"href":"https:\/\/www.plurinominal.com.mx\/index.php?rest_route=\/wp\/v2\/types\/post"}],"author":[{"embeddable":true,"href":"https:\/\/www.plurinominal.com.mx\/index.php?rest_route=\/wp\/v2\/users\/1"}],"replies":[{"embeddable":true,"href":"https:\/\/www.plurinominal.com.mx\/index.php?rest_route=%2Fwp%2Fv2%2Fcomments&post=4109"}],"version-history":[{"count":0,"href":"https:\/\/www.plurinominal.com.mx\/index.php?rest_route=\/wp\/v2\/posts\/4109\/revisions"}],"wp:attachment":[{"href":"https:\/\/www.plurinominal.com.mx\/index.php?rest_route=%2Fwp%2Fv2%2Fmedia&parent=4109"}],"wp:term":[{"taxonomy":"category","embeddable":true,"href":"https:\/\/www.plurinominal.com.mx\/index.php?rest_route=%2Fwp%2Fv2%2Fcategories&post=4109"},{"taxonomy":"post_tag","embeddable":true,"href":"https:\/\/www.plurinominal.com.mx\/index.php?rest_route=%2Fwp%2Fv2%2Ftags&post=4109"}],"curies":[{"name":"wp","href":"https:\/\/api.w.org\/{rel}","templated":true}]}}