{"id":4116,"date":"2012-10-04T01:39:00","date_gmt":"2012-10-04T06:39:00","guid":{"rendered":"http:\/\/www.plurinominal.com.mx\/?p=4116"},"modified":"2012-10-12T01:40:36","modified_gmt":"2012-10-12T06:40:36","slug":"indigna-que-cargos-publicos-sean-para-los-mismos","status":"publish","type":"post","link":"https:\/\/www.plurinominal.com.mx\/?p=4116","title":{"rendered":"Indigna que cargos p\u00fablicos sean para \u201clos mismos\u201d"},"content":{"rendered":"<figure id=\"attachment_4117\" aria-describedby=\"caption-attachment-4117\" style=\"width: 142px\" class=\"wp-caption alignright\"><a href=\"https:\/\/www.plurinominal.com.mx\/wp-content\/uploads\/pan-toma-de-protesta.jpg\"><img loading=\"lazy\" decoding=\"async\" class=\"size-full wp-image-4117\" title=\"OLYMPUS DIGITAL CAMERA\" src=\"https:\/\/www.plurinominal.com.mx\/wp-content\/uploads\/pan-toma-de-protesta.jpg\" alt=\"\" width=\"142\" height=\"107\" \/><\/a><figcaption id=\"caption-attachment-4117\" class=\"wp-caption-text\">A muchos \u00abno les toc\u00f3 jale\u00bb.<\/figcaption><\/figure>\n<p><em>Marco Serna.-<\/em> Los nombramientos de los funcionarios que estar\u00e1n al frente de la administraci\u00f3n 2012-2015, generaron comentarios de indignaci\u00f3n, porque algunos panistas creyeron que el haber andado en campa\u00f1a al lado del grupo ganador ser\u00eda suficiente para obtener trabajo.<br \/>\nA partir del viernes se iniciaron los rumores de qui\u00e9nes ser\u00edan los \u201cafortunados\u201d, mismos que resultaron ciertos al poco tiempo.<br \/>\nY es que las predicciones del grupo que tiempo atr\u00e1s apoy\u00f3 al Ingeniero Gregorio Carbajal tambi\u00e9n resultaron verdaderas, en raz\u00f3n a que el grupo que ha quedado al descubierto, \u201cera el mismo\u201d.<br \/>\nEn un acercamiento con panistas que enfrentaron diferencias con el grupo triunfador, se explic\u00f3 a Plurinominal que esa \u201cgente nueva y joven\u201d, en efecto posee esas caracter\u00edsticas, pero no deja de representar al panismo que anta\u00f1o entreg\u00f3 la presidencia municipal a Salvador Mart\u00ednez Sifuentes.<br \/>\nEs obvio que debido a los comentarios y a las promesas que apuntan al \u201ccambio social\u201d, los panistas deber\u00e1n ser cautelosos con el erario p\u00fablico, si es que desean mantener el poder en favor del partido, que desde ahora ya se comenta, podr\u00eda ser de nueva cuenta para el notario en una futura \u00e9poca electoral.<br \/>\nEl personal de Dulce Mar\u00eda Montes Z\u00fa\u00f1iga, de hecho ya trabaja en programas en beneficio del municipio, que en breve podr\u00edan anunciar avance.<br \/>\nLa Licenciada en Ciencias de la Comunicaci\u00f3n, tambi\u00e9n cuenta con un nutrido grupo de gente que conf\u00eda en sus acciones.<\/p>\n","protected":false},"excerpt":{"rendered":"<p>Marco Serna.- Los nombramientos de los funcionarios que estar\u00e1n al frente de la administraci\u00f3n 2012-2015, generaron comentarios de indignaci\u00f3n, porque algunos panistas creyeron que el haber andado en campa\u00f1a al&#8230;<\/p>\n","protected":false},"author":1,"featured_media":0,"comment_status":"closed","ping_status":"open","sticky":false,"template":"","format":"standard","meta":{"footnotes":""},"categories":[3],"tags":[],"class_list":["post-4116","post","type-post","status-publish","format-standard","hentry","category-cerritos","entry","simple"],"_links":{"self":[{"href":"https:\/\/www.plurinominal.com.mx\/index.php?rest_route=\/wp\/v2\/posts\/4116","targetHints":{"allow":["GET"]}}],"collection":[{"href":"https:\/\/www.plurinominal.com.mx\/index.php?rest_route=\/wp\/v2\/posts"}],"about":[{"href":"https:\/\/www.plurinominal.com.mx\/index.php?rest_route=\/wp\/v2\/types\/post"}],"author":[{"embeddable":true,"href":"https:\/\/www.plurinominal.com.mx\/index.php?rest_route=\/wp\/v2\/users\/1"}],"replies":[{"embeddable":true,"href":"https:\/\/www.plurinominal.com.mx\/index.php?rest_route=%2Fwp%2Fv2%2Fcomments&post=4116"}],"version-history":[{"count":0,"href":"https:\/\/www.plurinominal.com.mx\/index.php?rest_route=\/wp\/v2\/posts\/4116\/revisions"}],"wp:attachment":[{"href":"https:\/\/www.plurinominal.com.mx\/index.php?rest_route=%2Fwp%2Fv2%2Fmedia&parent=4116"}],"wp:term":[{"taxonomy":"category","embeddable":true,"href":"https:\/\/www.plurinominal.com.mx\/index.php?rest_route=%2Fwp%2Fv2%2Fcategories&post=4116"},{"taxonomy":"post_tag","embeddable":true,"href":"https:\/\/www.plurinominal.com.mx\/index.php?rest_route=%2Fwp%2Fv2%2Ftags&post=4116"}],"curies":[{"name":"wp","href":"https:\/\/api.w.org\/{rel}","templated":true}]}}