{"id":4128,"date":"2012-09-29T01:49:57","date_gmt":"2012-09-29T06:49:57","guid":{"rendered":"http:\/\/www.plurinominal.com.mx\/?p=4128"},"modified":"2012-10-12T01:51:33","modified_gmt":"2012-10-12T06:51:33","slug":"21-concesiones-de-transporte-para-allegados-a-erasmo-galvan","status":"publish","type":"post","link":"https:\/\/www.plurinominal.com.mx\/?p=4128","title":{"rendered":"21 concesiones de transporte para allegados a Erasmo Galv\u00e1n"},"content":{"rendered":"<ul>\n<li>Representantes locales exigieron explicaci\u00f3n<\/li>\n<\/ul>\n<figure id=\"attachment_4129\" aria-describedby=\"caption-attachment-4129\" style=\"width: 157px\" class=\"wp-caption alignright\"><a href=\"https:\/\/www.plurinominal.com.mx\/wp-content\/uploads\/1-transportistas.jpg\"><img loading=\"lazy\" decoding=\"async\" class=\"size-full wp-image-4129\" title=\"1 transportistas\" src=\"https:\/\/www.plurinominal.com.mx\/wp-content\/uploads\/1-transportistas.jpg\" alt=\"\" width=\"157\" height=\"118\" \/><\/a><figcaption id=\"caption-attachment-4129\" class=\"wp-caption-text\">Exig\u00edan una explicaci\u00f3n.<\/figcaption><\/figure>\n<p><em>Marco Serna.-<\/em> Ninguna explicaci\u00f3n pudo dar el alcalde saliente Erasmo Galv\u00e1n Nieto a representantes de empresas locales, en relaci\u00f3n a la posible apertura de nuevas rutas de transporte desde diversas comunidades con direcci\u00f3n a esta cabecera utilizando \u201cmini vans\u201d.<br \/>\nPor declaraciones de un grupo de transportistas, se supo que \u00e9stos se presentaron desde el mi\u00e9rcoles 26 de Septiembre a presidencia municipal para aclarar los rumores en cuanto a que la medida podr\u00eda beneficiar a los allegados de Galv\u00e1n Nieto, \u201centre ellos a sus propios amigos y familiares\u201d, mencion\u00f3 un entrevistado.<br \/>\nSe sabe que son 21 concesiones las que est\u00e1n en juego, aunque esto no ha sido comprobado por este medio a trav\u00e9s de la documentaci\u00f3n adecuada, sino por el dicho de camioneros y taxistas.<br \/>\nLo que s\u00ed se concluy\u00f3, fue el estudio que hicieron alumnos de la Universidad Aut\u00f3noma de San Luis Potos\u00ed que tom\u00f3 m\u00e1s de un a\u00f1o de trabajo, pagado a trav\u00e9s del Ramo 33, que consider\u00f3 necesarias m\u00e1s rutas de transporte p\u00fablico \u201cdebido al crecimiento de la cabecera y comunidades\u201d.<br \/>\nDe acuerdo a datos proporcionados a este medio, el tema se toc\u00f3 en Cabildo el 18 de Septiembre. Los recorridos abarcan lugares como Ojo de Agua, Joya de Luna, Palo Seco, Matorral, Tanque de los \u00c1ngeles, entre otras, pero todas con direcci\u00f3n a esta cabecera municipal.<br \/>\nSe dijo que el jueves, Erasmo Galv\u00e1n Nieto \u2013que estuvo al frente del Consejo Municipal de Transporte\u2013 recibi\u00f3 a los representantes todav\u00eda en Presidencia para dar inicio a los cuestionamientos, dado que si se da el visto bueno por instancias superiores, las 21 concesiones ser\u00edan manejadas por sujetos que guardan estrechas relaciones con Erasmo Galv\u00e1n Nieto.<br \/>\nManifestaron que el comerciante reconoci\u00f3 la aprobaci\u00f3n del proyecto universitario, pero puntualiz\u00f3 la reuni\u00f3n indicando que \u201cs\u00f3lo en San Luis sabr\u00edan si se aprobaron o no dichas rutas\u201d, aunque no quiso revelar los nombres de beneficiados.<\/p>\n","protected":false},"excerpt":{"rendered":"<p>Representantes locales exigieron explicaci\u00f3n Marco Serna.- Ninguna explicaci\u00f3n pudo dar el alcalde saliente Erasmo Galv\u00e1n Nieto a representantes de empresas locales, en relaci\u00f3n a la posible apertura de nuevas rutas&#8230;<\/p>\n","protected":false},"author":1,"featured_media":0,"comment_status":"closed","ping_status":"open","sticky":false,"template":"","format":"standard","meta":{"footnotes":""},"categories":[3],"tags":[],"class_list":["post-4128","post","type-post","status-publish","format-standard","hentry","category-cerritos","entry","simple"],"_links":{"self":[{"href":"https:\/\/www.plurinominal.com.mx\/index.php?rest_route=\/wp\/v2\/posts\/4128","targetHints":{"allow":["GET"]}}],"collection":[{"href":"https:\/\/www.plurinominal.com.mx\/index.php?rest_route=\/wp\/v2\/posts"}],"about":[{"href":"https:\/\/www.plurinominal.com.mx\/index.php?rest_route=\/wp\/v2\/types\/post"}],"author":[{"embeddable":true,"href":"https:\/\/www.plurinominal.com.mx\/index.php?rest_route=\/wp\/v2\/users\/1"}],"replies":[{"embeddable":true,"href":"https:\/\/www.plurinominal.com.mx\/index.php?rest_route=%2Fwp%2Fv2%2Fcomments&post=4128"}],"version-history":[{"count":0,"href":"https:\/\/www.plurinominal.com.mx\/index.php?rest_route=\/wp\/v2\/posts\/4128\/revisions"}],"wp:attachment":[{"href":"https:\/\/www.plurinominal.com.mx\/index.php?rest_route=%2Fwp%2Fv2%2Fmedia&parent=4128"}],"wp:term":[{"taxonomy":"category","embeddable":true,"href":"https:\/\/www.plurinominal.com.mx\/index.php?rest_route=%2Fwp%2Fv2%2Fcategories&post=4128"},{"taxonomy":"post_tag","embeddable":true,"href":"https:\/\/www.plurinominal.com.mx\/index.php?rest_route=%2Fwp%2Fv2%2Ftags&post=4128"}],"curies":[{"name":"wp","href":"https:\/\/api.w.org\/{rel}","templated":true}]}}