{"id":4140,"date":"2012-09-30T02:04:31","date_gmt":"2012-09-30T07:04:31","guid":{"rendered":"http:\/\/www.plurinominal.com.mx\/?p=4140"},"modified":"2012-10-12T02:05:24","modified_gmt":"2012-10-12T07:05:24","slug":"centro-de-desarrollo-educativo-sera-inaugurado-a-inicios-de-2013","status":"publish","type":"post","link":"https:\/\/www.plurinominal.com.mx\/?p=4140","title":{"rendered":"Centro de Desarrollo Educativo ser\u00e1 inaugurado a inicios de 2013"},"content":{"rendered":"<ul>\n<li>Beneficiar\u00e1 a cerca de 6900 personas<\/li>\n<\/ul>\n<figure id=\"attachment_4141\" aria-describedby=\"caption-attachment-4141\" style=\"width: 157px\" class=\"wp-caption alignright\"><a href=\"https:\/\/www.plurinominal.com.mx\/wp-content\/uploads\/20-cede.jpg\"><img loading=\"lazy\" decoding=\"async\" class=\"size-full wp-image-4141\" title=\"20 cede\" src=\"https:\/\/www.plurinominal.com.mx\/wp-content\/uploads\/20-cede.jpg\" alt=\"\" width=\"157\" height=\"118\" \/><\/a><figcaption id=\"caption-attachment-4141\" class=\"wp-caption-text\">Los trabajos siguen adelante.<\/figcaption><\/figure>\n<p><em>Rom\u00e1n G.-<\/em> Con la visita del profesor Mario Bautista Trejo, Coordinador Estatal del Proyecto de Innovaci\u00f3n de Fortalecimiento de la Gesti\u00f3n Institucional y la Supervisi\u00f3n Escolar, y del Ingeniero Luis Antonio Vel\u00e1zquez L\u00f3pez, Coordinador de obra de la Secretar\u00eda de Educaci\u00f3n P\u00fablica del estado, supervisores de la regi\u00f3n escolar Cerritos-Villa Ju\u00e1rez acudieron a la revisi\u00f3n f\u00edsica de las nuevas instalaciones de lo que ser\u00e1 el nuevo Centro de Desarrollo Educativo (CEDE).<br \/>\nLa obra dio inicio cerca del mes de mayo con la donaci\u00f3n del terreno por parte del ayuntamiento cerritense a cargo de Erasmo Galv\u00e1n Nieto.<br \/>\nEn tan s\u00f3lo 4 meses ya registra un notable avance.<br \/>\nLa visita sucedi\u00f3 el 25 de Septiembre a las 15:00 PM.<br \/>\nEl recibimiento a los invitados fue realizado por el Ingeniero Nicol\u00e1s W. Araujo Fern\u00e1ndez, supervisor del Instituto Estatal de Infraestructura F\u00edsica Educativa (IEIFE) quien explic\u00f3 la conformaci\u00f3n de las instalaciones del nuevo CEDE en esta regi\u00f3n, que vendr\u00e1 a beneficiar a cerca de 6900 personas.<br \/>\nAl respecto, el profesor Mario Bautista Trejo, inform\u00f3 que en todo el estado ser\u00e1n construidos 7 centros proyectados para enero de 2013.<br \/>\n\u201cEste es un proyecto nacional que viene a fortalecer a la regi\u00f3n escolar. Por primera vez los supervisores van a estar en un solo espacio, se van a articular, a vincular para atender la problem\u00e1tica de la educaci\u00f3n b\u00e1sica en la regi\u00f3n de Cerritos y Villa Ju\u00e1rez, con el objetivo primordial de mejorar el \u00edndice de las pruebas Enlace, la reprobaci\u00f3n, reducir la deserci\u00f3n escolar, mejorar la actualizaci\u00f3n y profesionalizaci\u00f3n de cada maestro\u201d explic\u00f3 el coordinador.<br \/>\nEn este espacio educativo se ofrecer\u00e1n 17 servicios desconcentrados que actualmente presta la secretar\u00eda educativa que obliga a los maestros a trasladarse a la capital potosina a la realizaci\u00f3n de tr\u00e1mites, incluyendo la adquisici\u00f3n de libros de texto para alumnos y n\u00f3minas de trabajadores.<br \/>\nEl espacio, ser\u00e1 el segundo edificio m\u00e1s importante en el municipio, solamente detr\u00e1s de la presidencia municipal.<br \/>\nSe espera que la obra sea concluida para su inauguraci\u00f3n en manos del gobernador del estado Fernando Toranzo Fern\u00e1ndez.<\/p>\n","protected":false},"excerpt":{"rendered":"<p>Beneficiar\u00e1 a cerca de 6900 personas Rom\u00e1n G.- Con la visita del profesor Mario Bautista Trejo, Coordinador Estatal del Proyecto de Innovaci\u00f3n de Fortalecimiento de la Gesti\u00f3n Institucional y la&#8230;<\/p>\n","protected":false},"author":1,"featured_media":0,"comment_status":"closed","ping_status":"open","sticky":false,"template":"","format":"standard","meta":{"footnotes":""},"categories":[3],"tags":[],"class_list":["post-4140","post","type-post","status-publish","format-standard","hentry","category-cerritos","entry","simple"],"_links":{"self":[{"href":"https:\/\/www.plurinominal.com.mx\/index.php?rest_route=\/wp\/v2\/posts\/4140","targetHints":{"allow":["GET"]}}],"collection":[{"href":"https:\/\/www.plurinominal.com.mx\/index.php?rest_route=\/wp\/v2\/posts"}],"about":[{"href":"https:\/\/www.plurinominal.com.mx\/index.php?rest_route=\/wp\/v2\/types\/post"}],"author":[{"embeddable":true,"href":"https:\/\/www.plurinominal.com.mx\/index.php?rest_route=\/wp\/v2\/users\/1"}],"replies":[{"embeddable":true,"href":"https:\/\/www.plurinominal.com.mx\/index.php?rest_route=%2Fwp%2Fv2%2Fcomments&post=4140"}],"version-history":[{"count":0,"href":"https:\/\/www.plurinominal.com.mx\/index.php?rest_route=\/wp\/v2\/posts\/4140\/revisions"}],"wp:attachment":[{"href":"https:\/\/www.plurinominal.com.mx\/index.php?rest_route=%2Fwp%2Fv2%2Fmedia&parent=4140"}],"wp:term":[{"taxonomy":"category","embeddable":true,"href":"https:\/\/www.plurinominal.com.mx\/index.php?rest_route=%2Fwp%2Fv2%2Fcategories&post=4140"},{"taxonomy":"post_tag","embeddable":true,"href":"https:\/\/www.plurinominal.com.mx\/index.php?rest_route=%2Fwp%2Fv2%2Ftags&post=4140"}],"curies":[{"name":"wp","href":"https:\/\/api.w.org\/{rel}","templated":true}]}}