{"id":4148,"date":"2012-09-26T02:14:57","date_gmt":"2012-09-26T07:14:57","guid":{"rendered":"http:\/\/www.plurinominal.com.mx\/?p=4148"},"modified":"2012-10-12T02:18:04","modified_gmt":"2012-10-12T07:18:04","slug":"familiares-de-la-harina-aceptaron-exigua-pension","status":"publish","type":"post","link":"https:\/\/www.plurinominal.com.mx\/?p=4148","title":{"rendered":"Familiares de \u00abLa Harina\u00bb aceptaron exigua pensi\u00f3n"},"content":{"rendered":"<figure id=\"attachment_4149\" aria-describedby=\"caption-attachment-4149\" style=\"width: 142px\" class=\"wp-caption alignright\"><a href=\"https:\/\/www.plurinominal.com.mx\/wp-content\/uploads\/harina.jpg\"><img loading=\"lazy\" decoding=\"async\" class=\"size-full wp-image-4149\" title=\"harina\" src=\"https:\/\/www.plurinominal.com.mx\/wp-content\/uploads\/harina.jpg\" alt=\"\" width=\"142\" height=\"99\" \/><\/a><figcaption id=\"caption-attachment-4149\" class=\"wp-caption-text\">Mart\u00ednez Lumbreras. Encontr\u00f3 la muerte al colaborar con la administraci\u00f3n 2009-2012.<\/figcaption><\/figure>\n<p><em>Francisco V.- <\/em>Familiares del fallecido Salvador Mart\u00ednez Lumbreras conocido como \u00abLa Harina\u00bb, aceptaron la pensi\u00f3n que les ofreci\u00f3 el ayuntamiento.<br \/>\n\u201cSe encontraban entre la espada y la pared\u201d, reconoci\u00f3 un funcionario municipal.<br \/>\nEl H. Ayuntamiento les hab\u00eda ofrecido una indemnizaci\u00f3n aproximada a los 100 mil pesos pesos. Luego consideraron que esa suma econ\u00f3mica en poco tiempo se terminar\u00eda y optaron por otra soluci\u00f3n.<br \/>\nCabildo autoriz\u00f3 un 40% de indemnizaci\u00f3n, porcentaje que prevalecer\u00e1 solamente durante tres a\u00f1os para la hija del fallecido, \u2013cuando \u00e9sta alcance la mayor\u00eda de edad\u2013 y posteriormente la esposa del mismo s\u00f3lo recibir\u00e1 la mitad de lo otorgado por el Cabildo.<br \/>\nFuncionarios del ayuntamiento reconocen que los trabajadores al servicio del municipio se encuentran desamparados en caso de sufrir un accidente mortal.<br \/>\nSalvador Mart\u00ednez Lumbreras perdi\u00f3 la vida cuando estaba al servicio de la Presidencia Municipal, aun as\u00ed la cantidad es risible.<br \/>\nLo \u00fanico que los mismos empleados de presidencia aplaudieron, fue que en esta administraci\u00f3n se realiz\u00f3 el convenio con los familiares del fallecido, pues en un principio pretend\u00edan endilgar el asunto a la pr\u00f3xima.<\/p>\n","protected":false},"excerpt":{"rendered":"<p>Francisco V.- Familiares del fallecido Salvador Mart\u00ednez Lumbreras conocido como \u00abLa Harina\u00bb, aceptaron la pensi\u00f3n que les ofreci\u00f3 el ayuntamiento. \u201cSe encontraban entre la espada y la pared\u201d, reconoci\u00f3 un&#8230;<\/p>\n","protected":false},"author":1,"featured_media":0,"comment_status":"closed","ping_status":"open","sticky":false,"template":"","format":"standard","meta":{"footnotes":""},"categories":[3],"tags":[],"class_list":["post-4148","post","type-post","status-publish","format-standard","hentry","category-cerritos","entry","simple"],"_links":{"self":[{"href":"https:\/\/www.plurinominal.com.mx\/index.php?rest_route=\/wp\/v2\/posts\/4148","targetHints":{"allow":["GET"]}}],"collection":[{"href":"https:\/\/www.plurinominal.com.mx\/index.php?rest_route=\/wp\/v2\/posts"}],"about":[{"href":"https:\/\/www.plurinominal.com.mx\/index.php?rest_route=\/wp\/v2\/types\/post"}],"author":[{"embeddable":true,"href":"https:\/\/www.plurinominal.com.mx\/index.php?rest_route=\/wp\/v2\/users\/1"}],"replies":[{"embeddable":true,"href":"https:\/\/www.plurinominal.com.mx\/index.php?rest_route=%2Fwp%2Fv2%2Fcomments&post=4148"}],"version-history":[{"count":0,"href":"https:\/\/www.plurinominal.com.mx\/index.php?rest_route=\/wp\/v2\/posts\/4148\/revisions"}],"wp:attachment":[{"href":"https:\/\/www.plurinominal.com.mx\/index.php?rest_route=%2Fwp%2Fv2%2Fmedia&parent=4148"}],"wp:term":[{"taxonomy":"category","embeddable":true,"href":"https:\/\/www.plurinominal.com.mx\/index.php?rest_route=%2Fwp%2Fv2%2Fcategories&post=4148"},{"taxonomy":"post_tag","embeddable":true,"href":"https:\/\/www.plurinominal.com.mx\/index.php?rest_route=%2Fwp%2Fv2%2Ftags&post=4148"}],"curies":[{"name":"wp","href":"https:\/\/api.w.org\/{rel}","templated":true}]}}