{"id":4152,"date":"2012-10-12T02:30:40","date_gmt":"2012-10-12T07:30:40","guid":{"rendered":"http:\/\/www.plurinominal.com.mx\/?p=4152"},"modified":"2012-10-12T02:30:40","modified_gmt":"2012-10-12T07:30:40","slug":"nos-quedaron-mal-vecinos-de-prolongacion-independencia","status":"publish","type":"post","link":"https:\/\/www.plurinominal.com.mx\/?p=4152","title":{"rendered":"Nos quedaron mal: Vecinos de Prolongaci\u00f3n Independencia"},"content":{"rendered":"<figure id=\"attachment_4153\" aria-describedby=\"caption-attachment-4153\" style=\"width: 157px\" class=\"wp-caption alignright\"><a href=\"https:\/\/www.plurinominal.com.mx\/wp-content\/uploads\/20-calle.jpg\"><img loading=\"lazy\" decoding=\"async\" class=\"size-full wp-image-4153\" title=\"20 calle\" src=\"https:\/\/www.plurinominal.com.mx\/wp-content\/uploads\/20-calle.jpg\" alt=\"\" width=\"157\" height=\"118\" \/><\/a><figcaption id=\"caption-attachment-4153\" class=\"wp-caption-text\">Prolongaci\u00f3n Independencia. Otra mentira.<\/figcaption><\/figure>\n<p><em>Marco Serna.- <\/em>Han pasado 7 meses y los vecinos de la calle Prolongaci\u00f3n Independencia no pronuncian con orgullo los nombres de Irma Nubia Rodr\u00edguez Carbajal ni de Erasmo Galv\u00e1n Nieto.<br \/>\nPromesas y trabajos inconclusos, se observan en la arteria que lejos de convertirse en un beneficio para los perjudicados, result\u00f3 lo contrario.<br \/>\nLos pretextos fueron bastantes por la constructora y autoridades, incluso aceptan que Galv\u00e1n Nieto s\u00f3lo les dio \u201catole con el dedo\u201d, para impedir una manifestaci\u00f3n afuera de las oficinas de Cabildo, que se planeaba a pocos d\u00edas de llevarse a cabo el informe a puerta cerrada que ofreci\u00f3 el edil.<br \/>\nFalta de material, cancelaci\u00f3n de recursos, maquinaria, proyecto mal calculado, firma de convenios y un amplio etc\u00e9tera, fueron parte de las excusas que tuvieron que \u201ctragarse\u201d los afectados, pero el coraje, \u201cnom\u00e1s no se nos pasa\u201d. Indica un vecino del sector, mientras otro expresa, \u201cnos quedaron mal\u201d.<br \/>\nNo se han dicho qu\u00e9 arreglos podr\u00edan tener los perjudicados con la administraci\u00f3n panista, pero s\u00f3lo mencionarles el nombre de los anteriores funcionarios, los enfurece.<\/p>\n","protected":false},"excerpt":{"rendered":"<p>Marco Serna.- Han pasado 7 meses y los vecinos de la calle Prolongaci\u00f3n Independencia no pronuncian con orgullo los nombres de Irma Nubia Rodr\u00edguez Carbajal ni de Erasmo Galv\u00e1n Nieto.&#8230;<\/p>\n","protected":false},"author":1,"featured_media":0,"comment_status":"closed","ping_status":"open","sticky":false,"template":"","format":"standard","meta":{"footnotes":""},"categories":[3],"tags":[],"class_list":["post-4152","post","type-post","status-publish","format-standard","hentry","category-cerritos","entry","simple"],"_links":{"self":[{"href":"https:\/\/www.plurinominal.com.mx\/index.php?rest_route=\/wp\/v2\/posts\/4152","targetHints":{"allow":["GET"]}}],"collection":[{"href":"https:\/\/www.plurinominal.com.mx\/index.php?rest_route=\/wp\/v2\/posts"}],"about":[{"href":"https:\/\/www.plurinominal.com.mx\/index.php?rest_route=\/wp\/v2\/types\/post"}],"author":[{"embeddable":true,"href":"https:\/\/www.plurinominal.com.mx\/index.php?rest_route=\/wp\/v2\/users\/1"}],"replies":[{"embeddable":true,"href":"https:\/\/www.plurinominal.com.mx\/index.php?rest_route=%2Fwp%2Fv2%2Fcomments&post=4152"}],"version-history":[{"count":0,"href":"https:\/\/www.plurinominal.com.mx\/index.php?rest_route=\/wp\/v2\/posts\/4152\/revisions"}],"wp:attachment":[{"href":"https:\/\/www.plurinominal.com.mx\/index.php?rest_route=%2Fwp%2Fv2%2Fmedia&parent=4152"}],"wp:term":[{"taxonomy":"category","embeddable":true,"href":"https:\/\/www.plurinominal.com.mx\/index.php?rest_route=%2Fwp%2Fv2%2Fcategories&post=4152"},{"taxonomy":"post_tag","embeddable":true,"href":"https:\/\/www.plurinominal.com.mx\/index.php?rest_route=%2Fwp%2Fv2%2Ftags&post=4152"}],"curies":[{"name":"wp","href":"https:\/\/api.w.org\/{rel}","templated":true}]}}