{"id":4167,"date":"2012-10-15T20:35:27","date_gmt":"2012-10-16T01:35:27","guid":{"rendered":"http:\/\/www.plurinominal.com.mx\/?p=4167"},"modified":"2012-10-15T20:35:27","modified_gmt":"2012-10-16T01:35:27","slug":"pri-mantendra-acercamiento-con-gente-de-las-comunidades","status":"publish","type":"post","link":"https:\/\/www.plurinominal.com.mx\/?p=4167","title":{"rendered":"PRI mantendr\u00e1 acercamiento con gente de las comunidades"},"content":{"rendered":"<p>Celebrar\u00e1n fechas importantes en cada lugar, explican<\/p>\n<p><em>Rom\u00e1n G.-<\/em> Pri\u00edstas prometieron festejar fechas importantes en comunidades cerritenses.<br \/>\nA diferencia de otros a\u00f1os, lugare\u00f1os disfrutar\u00e1n del D\u00eda de la Madre, del Ni\u00f1o, del Padre, Navidad, as\u00ed como otros eventos relevantes, inform\u00f3 el Comit\u00e9 Municipal del partido.<br \/>\nSe supo que administraciones como la pasada, descuidaron totalmente este aspecto, enfoc\u00e1ndose \u00fanicamente en cuidar los intereses particulares de funcionarios del primer nivel.<br \/>\nPara lograr los festejos, se organizar\u00e1n actividades sin otro af\u00e1n que el de recaudar fondos.<br \/>\nSe sabe que fueron los propios habitantes quienes solicitaron enfatizar en los aspectos, reconociendo que as\u00ed se refuerza la convivencia y la imagen del instituto pol\u00edtico, ya que es com\u00fan ver a los personajes \u00fanicamente en \u00e9pocas electorales.<br \/>\nDe acuerdo a los del tricolor, \u201cse perdi\u00f3 la presidencia, m\u00e1s no el acercamiento con la gente\u201d.<\/p>\n","protected":false},"excerpt":{"rendered":"<p>Celebrar\u00e1n fechas importantes en cada lugar, explican Rom\u00e1n G.- Pri\u00edstas prometieron festejar fechas importantes en comunidades cerritenses. A diferencia de otros a\u00f1os, lugare\u00f1os disfrutar\u00e1n del D\u00eda de la Madre, del&#8230;<\/p>\n","protected":false},"author":1,"featured_media":4168,"comment_status":"closed","ping_status":"open","sticky":false,"template":"","format":"standard","meta":{"footnotes":""},"categories":[463],"tags":[],"class_list":["post-4167","post","type-post","status-publish","format-standard","has-post-thumbnail","hentry","category-politica","entry","simple"],"_links":{"self":[{"href":"https:\/\/www.plurinominal.com.mx\/index.php?rest_route=\/wp\/v2\/posts\/4167","targetHints":{"allow":["GET"]}}],"collection":[{"href":"https:\/\/www.plurinominal.com.mx\/index.php?rest_route=\/wp\/v2\/posts"}],"about":[{"href":"https:\/\/www.plurinominal.com.mx\/index.php?rest_route=\/wp\/v2\/types\/post"}],"author":[{"embeddable":true,"href":"https:\/\/www.plurinominal.com.mx\/index.php?rest_route=\/wp\/v2\/users\/1"}],"replies":[{"embeddable":true,"href":"https:\/\/www.plurinominal.com.mx\/index.php?rest_route=%2Fwp%2Fv2%2Fcomments&post=4167"}],"version-history":[{"count":0,"href":"https:\/\/www.plurinominal.com.mx\/index.php?rest_route=\/wp\/v2\/posts\/4167\/revisions"}],"wp:featuredmedia":[{"embeddable":true,"href":"https:\/\/www.plurinominal.com.mx\/index.php?rest_route=\/wp\/v2\/media\/4168"}],"wp:attachment":[{"href":"https:\/\/www.plurinominal.com.mx\/index.php?rest_route=%2Fwp%2Fv2%2Fmedia&parent=4167"}],"wp:term":[{"taxonomy":"category","embeddable":true,"href":"https:\/\/www.plurinominal.com.mx\/index.php?rest_route=%2Fwp%2Fv2%2Fcategories&post=4167"},{"taxonomy":"post_tag","embeddable":true,"href":"https:\/\/www.plurinominal.com.mx\/index.php?rest_route=%2Fwp%2Fv2%2Ftags&post=4167"}],"curies":[{"name":"wp","href":"https:\/\/api.w.org\/{rel}","templated":true}]}}