{"id":418,"date":"2007-02-14T15:56:52","date_gmt":"2007-02-14T21:56:52","guid":{"rendered":"http:\/\/www.plurinominal.com.mx\/?p=418"},"modified":"2011-11-11T15:57:27","modified_gmt":"2011-11-11T21:57:27","slug":"consejeros-protestaron","status":"publish","type":"post","link":"https:\/\/www.plurinominal.com.mx\/?p=418","title":{"rendered":"Consejeros protestaron"},"content":{"rendered":"<p>El pasado lunes 12 de febrero, 20 habitantes de este municipio tomaron protesta como consejeros de desarrollo social municipal en un clima de democracia, transparencia  y libertad de expresi\u00f3n absoluta. En el evento de toma de protesta, Salvador Mart\u00ednez Sifuentes, presidente tambi\u00e9n del consejo, dio a conocer el techo financiero de los fondos de infraestructura  social municipal y del fondo de fortalecimiento municipal que pertenecen al ramo 33, siendo este de 16 millones 945 mil 514 pesos, para el ejercicio fiscal 2007, partida con la cual se ejecutar\u00e1n las obras que el consejo considere prioritarias y de mayor beneficio para la poblaci\u00f3n, tanto de las comunidades como de la cabecera municipal. Cabe resaltar que la participaci\u00f3n de los consejeros  es de vital importancia para lograr la ejecuci\u00f3n de proyectos que lleven al desarrollo del municipio. Por su parte, la coordinadora de desarrollo social y secretaria t\u00e9cnica del consejo, Ma. Francisca Alvarado Gonz\u00e1lez, dio a conocer a los consejeros, las peticiones que fueran tomadas de viva voz de la poblaci\u00f3n, para que estos estuvieran al tanto de las necesidades en la zona rural y urbana del municipio y pudiesen analizar las que ser\u00e1n de mayor prioridad. Nuestro municipio, encabeza la conformaci\u00f3n y toma de protesta del consejo de desarrollo social municipal, y que la elecci\u00f3n de los consejeros fue totalmente transparente  y sin precedencia alguna.<\/p>\n","protected":false},"excerpt":{"rendered":"<p>El pasado lunes 12 de febrero, 20 habitantes de este municipio tomaron protesta como consejeros de desarrollo social municipal en un clima de democracia, transparencia y libertad de expresi\u00f3n absoluta.&#8230;<\/p>\n","protected":false},"author":1,"featured_media":0,"comment_status":"closed","ping_status":"open","sticky":false,"template":"","format":"standard","meta":{"footnotes":""},"categories":[3],"tags":[246,147,247],"class_list":["post-418","post","type-post","status-publish","format-standard","hentry","category-cerritos","tag-consejeros","tag-desarrollo-social","tag-protesta","entry","simple"],"_links":{"self":[{"href":"https:\/\/www.plurinominal.com.mx\/index.php?rest_route=\/wp\/v2\/posts\/418","targetHints":{"allow":["GET"]}}],"collection":[{"href":"https:\/\/www.plurinominal.com.mx\/index.php?rest_route=\/wp\/v2\/posts"}],"about":[{"href":"https:\/\/www.plurinominal.com.mx\/index.php?rest_route=\/wp\/v2\/types\/post"}],"author":[{"embeddable":true,"href":"https:\/\/www.plurinominal.com.mx\/index.php?rest_route=\/wp\/v2\/users\/1"}],"replies":[{"embeddable":true,"href":"https:\/\/www.plurinominal.com.mx\/index.php?rest_route=%2Fwp%2Fv2%2Fcomments&post=418"}],"version-history":[{"count":0,"href":"https:\/\/www.plurinominal.com.mx\/index.php?rest_route=\/wp\/v2\/posts\/418\/revisions"}],"wp:attachment":[{"href":"https:\/\/www.plurinominal.com.mx\/index.php?rest_route=%2Fwp%2Fv2%2Fmedia&parent=418"}],"wp:term":[{"taxonomy":"category","embeddable":true,"href":"https:\/\/www.plurinominal.com.mx\/index.php?rest_route=%2Fwp%2Fv2%2Fcategories&post=418"},{"taxonomy":"post_tag","embeddable":true,"href":"https:\/\/www.plurinominal.com.mx\/index.php?rest_route=%2Fwp%2Fv2%2Ftags&post=418"}],"curies":[{"name":"wp","href":"https:\/\/api.w.org\/{rel}","templated":true}]}}