{"id":4190,"date":"2012-09-03T09:06:09","date_gmt":"2012-09-03T14:06:09","guid":{"rendered":"http:\/\/www.plurinominal.com.mx\/?p=4190"},"modified":"2012-10-16T09:07:07","modified_gmt":"2012-10-16T14:07:07","slug":"camino-a-derramaderos-ha-desaparecido-con-el-paso-de-las-lluvias","status":"publish","type":"post","link":"https:\/\/www.plurinominal.com.mx\/?p=4190","title":{"rendered":"Camino a Derramaderos ha desaparecido con el paso de las lluvias"},"content":{"rendered":"<figure id=\"attachment_4191\" aria-describedby=\"caption-attachment-4191\" style=\"width: 142px\" class=\"wp-caption alignright\"><a href=\"https:\/\/www.plurinominal.com.mx\/wp-content\/uploads\/camino.jpg\"><img loading=\"lazy\" decoding=\"async\" class=\"size-full wp-image-4191\" title=\"camino\" src=\"https:\/\/www.plurinominal.com.mx\/wp-content\/uploads\/camino.jpg\" alt=\"\" width=\"142\" height=\"106\" \/><\/a><figcaption id=\"caption-attachment-4191\" class=\"wp-caption-text\">P\u00e9simas condiciones.<\/figcaption><\/figure>\n<p><em>Rom\u00e1n G.-<\/em> Durante el presente a\u00f1o 2012, habitantes de la comunidad de Derramaderos perteneciente a este municipio, peri\u00f3dicamente han manifestado la falta de cuidado del camino.<br \/>\nSeg\u00fan testimonio de los mismos vecinos, ahora enfrentan el problema de transitar \u201ca vuelta de rueda\u201d, lo que genera una lentitud excesiva al presentarse casos de urgencia que podr\u00edan resolverse en esta cabecera.<br \/>\nEn algunos kil\u00f3metros del trayecto, el camino ha comenzado a desaparecer.<br \/>\nDurante un breve recorrido hecho por Plurinominal, fue clara la presencia de enormes baches.<br \/>\nA eso se le suma la presencia de lluvias y la falta de mantenimiento por parte de autoridades.<br \/>\nHabitantes esperan una respuesta positiva por la futura administraci\u00f3n.<\/p>\n","protected":false},"excerpt":{"rendered":"<p>Rom\u00e1n G.- Durante el presente a\u00f1o 2012, habitantes de la comunidad de Derramaderos perteneciente a este municipio, peri\u00f3dicamente han manifestado la falta de cuidado del camino. Seg\u00fan testimonio de los&#8230;<\/p>\n","protected":false},"author":1,"featured_media":0,"comment_status":"closed","ping_status":"open","sticky":false,"template":"","format":"standard","meta":{"footnotes":""},"categories":[3],"tags":[],"class_list":["post-4190","post","type-post","status-publish","format-standard","hentry","category-cerritos","entry","simple"],"_links":{"self":[{"href":"https:\/\/www.plurinominal.com.mx\/index.php?rest_route=\/wp\/v2\/posts\/4190","targetHints":{"allow":["GET"]}}],"collection":[{"href":"https:\/\/www.plurinominal.com.mx\/index.php?rest_route=\/wp\/v2\/posts"}],"about":[{"href":"https:\/\/www.plurinominal.com.mx\/index.php?rest_route=\/wp\/v2\/types\/post"}],"author":[{"embeddable":true,"href":"https:\/\/www.plurinominal.com.mx\/index.php?rest_route=\/wp\/v2\/users\/1"}],"replies":[{"embeddable":true,"href":"https:\/\/www.plurinominal.com.mx\/index.php?rest_route=%2Fwp%2Fv2%2Fcomments&post=4190"}],"version-history":[{"count":0,"href":"https:\/\/www.plurinominal.com.mx\/index.php?rest_route=\/wp\/v2\/posts\/4190\/revisions"}],"wp:attachment":[{"href":"https:\/\/www.plurinominal.com.mx\/index.php?rest_route=%2Fwp%2Fv2%2Fmedia&parent=4190"}],"wp:term":[{"taxonomy":"category","embeddable":true,"href":"https:\/\/www.plurinominal.com.mx\/index.php?rest_route=%2Fwp%2Fv2%2Fcategories&post=4190"},{"taxonomy":"post_tag","embeddable":true,"href":"https:\/\/www.plurinominal.com.mx\/index.php?rest_route=%2Fwp%2Fv2%2Ftags&post=4190"}],"curies":[{"name":"wp","href":"https:\/\/api.w.org\/{rel}","templated":true}]}}