{"id":4194,"date":"2012-09-05T09:10:52","date_gmt":"2012-09-05T14:10:52","guid":{"rendered":"http:\/\/www.plurinominal.com.mx\/?p=4194"},"modified":"2012-10-16T09:12:09","modified_gmt":"2012-10-16T14:12:09","slug":"jardin-de-ninos-luz-maria-serradel-inauguro-primera-etapa-de-cancha-civica","status":"publish","type":"post","link":"https:\/\/www.plurinominal.com.mx\/?p=4194","title":{"rendered":"Jard\u00edn de ni\u00f1os \u201cLuz Mar\u00eda Serradel\u201d inaugur\u00f3 primera etapa de cancha c\u00edvica"},"content":{"rendered":"<figure id=\"attachment_4195\" aria-describedby=\"caption-attachment-4195\" style=\"width: 157px\" class=\"wp-caption alignright\"><a href=\"https:\/\/www.plurinominal.com.mx\/wp-content\/uploads\/cancha.jpg\"><img loading=\"lazy\" decoding=\"async\" class=\"size-full wp-image-4195\" title=\"cancha\" src=\"https:\/\/www.plurinominal.com.mx\/wp-content\/uploads\/cancha.jpg\" alt=\"\" width=\"157\" height=\"118\" \/><\/a><figcaption id=\"caption-attachment-4195\" class=\"wp-caption-text\">Contribuyeron a la obra.<\/figcaption><\/figure>\n<p><em>Rom\u00e1n G.-<\/em> Lo que comenz\u00f3 como un sue\u00f1o, ahora es una realidad.<br \/>\nPadres de familia y personal docente del jard\u00edn de ni\u00f1os \u201cLuz Mar\u00eda Serradel\u201d perteneciente a la comunidad de Derramaderos, inauguraron de manera oficial lo que ser\u00e1 su nueva cancha c\u00edvica.<br \/>\nSe inform\u00f3 que este logro comenz\u00f3 hace m\u00e1s de un a\u00f1o, gracias al esfuerzo de las madres de familia que se dedicaron de lleno a la realizaci\u00f3n de actividades para la recaudaci\u00f3n de fondos, y de este modo arrancar el proyecto.<br \/>\nResaltan adem\u00e1s las gestiones llevadas a cabo ante autoridades como el Presidente Municipal de Villa Ju\u00e1rez, Ciudadano t\u00e9cnico en inform\u00e1tica Jes\u00fas Ruiz Castillo, el ex presidente municipal Juan Manuel Ruiz V\u00e1zquez, la empresa Cementos Moctezuma, representada por el Lic. Jos\u00e9 Guadalupe Melesio D\u00edaz y autoridades educativas como la supervisora de Jardines de Ni\u00f1os Mar\u00eda Enriqueta Espinoza y ejidales del lugar.<br \/>\nEste jueves 30 de agosto, madres de familia vieron realizada la primera etapa de construcci\u00f3n de la nueva plaza c\u00edvica con techado, sobresaliendo tambi\u00e9n la participaci\u00f3n de la maestra Sugey Carre\u00f3n, que con el apoyo de la comunidad entera dieron inicio a la obra.<br \/>\nComo muestra de agradecimiento, el plantel invit\u00f3 a los involucrados en el proyecto a un convivio, donde se presentaron diversos actos de danza folcl\u00f3rica.<br \/>\nPosteriormente, la profesora Sugey, acompa\u00f1ada por madres de familia, hicieran la entrega de reconocimientos a las personalidades antes mencionadas, demostr\u00e1ndoles su gratitud.<br \/>\nAsimismo, los presentes reconocieron la muestra del trabajo de los pap\u00e1s, que fueron los responsables de la mano de obra desde el inicio de las labores de construcci\u00f3n.<br \/>\nPor su parte, el alcalde Jes\u00fas Ruiz Castillo manifest\u00f3 al tomar el micr\u00f3fono, la alegr\u00eda y disponibilidad de la administraci\u00f3n a su cargo para continuar colaborando con el plantel, puntualizando que a pesar de tratarse de apoyos fuera de Villa Ju\u00e1rez, \u00e9stas labores se realizan con la mejor disponibilidad en bien de la sociedad general.<br \/>\nEn tanto, las autoridades de la empresa cementera expresaron la solidaridad y el compromiso con el apoyo a la educaci\u00f3n, siendo esta solo otra muestra de lo que puede lograrse en conjunto, pues se explic\u00f3 que es imposible que la Planta de Cementos, realice una obra al cien por ciento, pero viendo un impulso grupal de inter\u00e9s social, tratar\u00e1 siempre de contribuir de manera proporcional.<br \/>\nFinalmente autoridades educativas agradecieron p\u00fablicamente tambi\u00e9n al Licenciado Arturo Narv\u00e1ez Banda por el apoyo brindado en esta primera etapa de labores, aunque no acudi\u00f3 al evento por cuestiones de agenda.<\/p>\n","protected":false},"excerpt":{"rendered":"<p>Rom\u00e1n G.- Lo que comenz\u00f3 como un sue\u00f1o, ahora es una realidad. Padres de familia y personal docente del jard\u00edn de ni\u00f1os \u201cLuz Mar\u00eda Serradel\u201d perteneciente a la comunidad de&#8230;<\/p>\n","protected":false},"author":1,"featured_media":0,"comment_status":"closed","ping_status":"open","sticky":false,"template":"","format":"standard","meta":{"footnotes":""},"categories":[3],"tags":[],"class_list":["post-4194","post","type-post","status-publish","format-standard","hentry","category-cerritos","entry","simple"],"_links":{"self":[{"href":"https:\/\/www.plurinominal.com.mx\/index.php?rest_route=\/wp\/v2\/posts\/4194","targetHints":{"allow":["GET"]}}],"collection":[{"href":"https:\/\/www.plurinominal.com.mx\/index.php?rest_route=\/wp\/v2\/posts"}],"about":[{"href":"https:\/\/www.plurinominal.com.mx\/index.php?rest_route=\/wp\/v2\/types\/post"}],"author":[{"embeddable":true,"href":"https:\/\/www.plurinominal.com.mx\/index.php?rest_route=\/wp\/v2\/users\/1"}],"replies":[{"embeddable":true,"href":"https:\/\/www.plurinominal.com.mx\/index.php?rest_route=%2Fwp%2Fv2%2Fcomments&post=4194"}],"version-history":[{"count":0,"href":"https:\/\/www.plurinominal.com.mx\/index.php?rest_route=\/wp\/v2\/posts\/4194\/revisions"}],"wp:attachment":[{"href":"https:\/\/www.plurinominal.com.mx\/index.php?rest_route=%2Fwp%2Fv2%2Fmedia&parent=4194"}],"wp:term":[{"taxonomy":"category","embeddable":true,"href":"https:\/\/www.plurinominal.com.mx\/index.php?rest_route=%2Fwp%2Fv2%2Fcategories&post=4194"},{"taxonomy":"post_tag","embeddable":true,"href":"https:\/\/www.plurinominal.com.mx\/index.php?rest_route=%2Fwp%2Fv2%2Ftags&post=4194"}],"curies":[{"name":"wp","href":"https:\/\/api.w.org\/{rel}","templated":true}]}}