{"id":4211,"date":"2012-10-16T00:55:07","date_gmt":"2012-10-16T05:55:07","guid":{"rendered":"http:\/\/www.plurinominal.com.mx\/?p=4211"},"modified":"2012-10-22T00:58:35","modified_gmt":"2012-10-22T05:58:35","slug":"encargados-de-ambulancias-municipales-prestaran-servicio-preventivo-de-salud","status":"publish","type":"post","link":"https:\/\/www.plurinominal.com.mx\/?p=4211","title":{"rendered":"Encargados de ambulancias municipales prestar\u00e1n servicio preventivo de salud"},"content":{"rendered":"<ul>\n<li>Se instalar\u00e1 m\u00f3dulo en la plaza para revisar presi\u00f3n arterial y glucosa<\/li>\n<\/ul>\n<p><em>Rom\u00e1n G.-<\/em> Continuando con los cambios en la estructura laboral del ayuntamiento y en el sistema DIF municipal, personal a cargo de traslados en la ambulancia, comenzar\u00e1 de manera permanente con servicios preventivos de salud para la ciudadan\u00eda.<br \/>\nSeg\u00fan se explic\u00f3, la medida ser\u00e1 aplicada durante las horas laborales de los empleados, siempre y cuando no brinden atenci\u00f3n de traslados.<br \/>\nEstos servicios consisten en la revisi\u00f3n de la glucosa y presi\u00f3n arterial de los ciudadanos de manera gratuita.<br \/>\nEn la plaza principal ser\u00e1 colocado un m\u00f3dulo de atenci\u00f3n.<br \/>\nComo lo han manifestado con anterioridad las autoridades de la administraci\u00f3n panista, se intenta que todos los empleados trabajen en beneficio de la ciudadan\u00eda.<\/p>\n","protected":false},"excerpt":{"rendered":"<p>Se instalar\u00e1 m\u00f3dulo en la plaza para revisar presi\u00f3n arterial y glucosa Rom\u00e1n G.- Continuando con los cambios en la estructura laboral del ayuntamiento y en el sistema DIF municipal,&#8230;<\/p>\n","protected":false},"author":1,"featured_media":4212,"comment_status":"closed","ping_status":"open","sticky":false,"template":"","format":"standard","meta":{"footnotes":""},"categories":[3],"tags":[],"class_list":["post-4211","post","type-post","status-publish","format-standard","has-post-thumbnail","hentry","category-cerritos","entry","simple"],"_links":{"self":[{"href":"https:\/\/www.plurinominal.com.mx\/index.php?rest_route=\/wp\/v2\/posts\/4211","targetHints":{"allow":["GET"]}}],"collection":[{"href":"https:\/\/www.plurinominal.com.mx\/index.php?rest_route=\/wp\/v2\/posts"}],"about":[{"href":"https:\/\/www.plurinominal.com.mx\/index.php?rest_route=\/wp\/v2\/types\/post"}],"author":[{"embeddable":true,"href":"https:\/\/www.plurinominal.com.mx\/index.php?rest_route=\/wp\/v2\/users\/1"}],"replies":[{"embeddable":true,"href":"https:\/\/www.plurinominal.com.mx\/index.php?rest_route=%2Fwp%2Fv2%2Fcomments&post=4211"}],"version-history":[{"count":0,"href":"https:\/\/www.plurinominal.com.mx\/index.php?rest_route=\/wp\/v2\/posts\/4211\/revisions"}],"wp:featuredmedia":[{"embeddable":true,"href":"https:\/\/www.plurinominal.com.mx\/index.php?rest_route=\/wp\/v2\/media\/4212"}],"wp:attachment":[{"href":"https:\/\/www.plurinominal.com.mx\/index.php?rest_route=%2Fwp%2Fv2%2Fmedia&parent=4211"}],"wp:term":[{"taxonomy":"category","embeddable":true,"href":"https:\/\/www.plurinominal.com.mx\/index.php?rest_route=%2Fwp%2Fv2%2Fcategories&post=4211"},{"taxonomy":"post_tag","embeddable":true,"href":"https:\/\/www.plurinominal.com.mx\/index.php?rest_route=%2Fwp%2Fv2%2Ftags&post=4211"}],"curies":[{"name":"wp","href":"https:\/\/api.w.org\/{rel}","templated":true}]}}