{"id":4214,"date":"2012-10-18T01:00:29","date_gmt":"2012-10-18T06:00:29","guid":{"rendered":"http:\/\/www.plurinominal.com.mx\/?p=4214"},"modified":"2012-10-22T01:03:49","modified_gmt":"2012-10-22T06:03:49","slug":"kinder-rosaura-zapata-reinauguro-su-biblioteca-escolar","status":"publish","type":"post","link":"https:\/\/www.plurinominal.com.mx\/?p=4214","title":{"rendered":"K\u00ednder Rosaura Zapata reinaugur\u00f3 su biblioteca escolar"},"content":{"rendered":"<p><em>Rom\u00e1n G.-<\/em> Dentro de las actividades del Jard\u00edn de Ni\u00f1os Rosaura Zapata, la ma\u00f1ana de este 16 de octubre, autoridades educativas y municipales llevaron a cabo la reinauguraci\u00f3n de las instalaciones de la biblioteca escolar del plantel.<br \/>\nAl lugar hicieron acto de presencia la Qu\u00edmica Farmacobi\u00f3loga Alma Migdalia Mart\u00ednez Gallegos, segunda regidora del ayuntamiento, en representaci\u00f3n de la presidenta municipal Dulce Mar\u00eda Montes Z\u00fa\u00f1iga, Mar\u00eda Esther Tovar Compe\u00e1n, presidenta del comit\u00e9 de padres de familia, Esmeralda Hern\u00e1ndez Collazo secretaria de la mesa directiva, Lilia Oralia Maldonado, presidenta del comit\u00e9 de participaci\u00f3n social y la Profesora Norma Lidia Ram\u00edrez S\u00e1nchez, directora del Jard\u00edn de Ni\u00f1os Gabriela Mistral.<br \/>\nDentro del Programa Nacional de Lectura, a trav\u00e9s de la estrategia denominada 11 + 5, preescolares llevar\u00e1n a cabo la pr\u00e1ctica de la lectura.<br \/>\nEn este caso, cada alumno tendr\u00e1 acceso a m\u00e1s de mil libros que integran la biblioteca escolar, abarcando temas de inter\u00e9s para los estudiantes que con la ayuda de su credencial oficial, podr\u00e1n llevarse a casa bajo la condici\u00f3n de pr\u00e9stamo uno o m\u00e1s ejemplares.<br \/>\nLuego de la ceremonia protocolaria en manos de la regidora Migdalia Mart\u00ednez y la profesora Norma Ram\u00edrez, se realiz\u00f3 el corte del list\u00f3n, dando acceso a las instalaciones de la biblioteca.<br \/>\nSe realiz\u00f3 una muestra de lectura de cuentos, invitando a los padres de familia y alumnos en general a la fomentaci\u00f3n peri\u00f3dica del h\u00e1bito desde temprana edad, con el objetivo principal del desarrollo de las habilidades literarias y manuscritas de los estudiantes.<br \/>\nAprovechando la ocasi\u00f3n, el director del plantel Justino Ibarra Ortiz, llev\u00f3 a cabo la inauguraci\u00f3n oficial del nuevo campo deportivo bautizado \u201cPeque\u00f1os Grandes Campeones\u201d, en honor al bicampeonato obtenido por el plantel en la disciplina del f\u00fatbol en torneos recientes, tocando el turno de la patada inaugural al ex alumno de la instituci\u00f3n Mauricio Almaz\u00e1n Guerrero y a la regidora Alma Migdalia Mart\u00ednez.<br \/>\nDicho espacio fue logrado gracias a las campa\u00f1as de recolecci\u00f3n del \u201cPET\u201d (Material Reciclable), a iniciativa del preescolar desde meses atr\u00e1s. Ahora este mini campo deportivo cuenta con pasto aut\u00e9ntico, porter\u00edas y otros \u00fatiles deportivos.<\/p>\n","protected":false},"excerpt":{"rendered":"<p>Rom\u00e1n G.- Dentro de las actividades del Jard\u00edn de Ni\u00f1os Rosaura Zapata, la ma\u00f1ana de este 16 de octubre, autoridades educativas y municipales llevaron a cabo la reinauguraci\u00f3n de las&#8230;<\/p>\n","protected":false},"author":1,"featured_media":4215,"comment_status":"closed","ping_status":"open","sticky":false,"template":"","format":"standard","meta":{"footnotes":""},"categories":[3],"tags":[],"class_list":["post-4214","post","type-post","status-publish","format-standard","has-post-thumbnail","hentry","category-cerritos","entry","simple"],"_links":{"self":[{"href":"https:\/\/www.plurinominal.com.mx\/index.php?rest_route=\/wp\/v2\/posts\/4214","targetHints":{"allow":["GET"]}}],"collection":[{"href":"https:\/\/www.plurinominal.com.mx\/index.php?rest_route=\/wp\/v2\/posts"}],"about":[{"href":"https:\/\/www.plurinominal.com.mx\/index.php?rest_route=\/wp\/v2\/types\/post"}],"author":[{"embeddable":true,"href":"https:\/\/www.plurinominal.com.mx\/index.php?rest_route=\/wp\/v2\/users\/1"}],"replies":[{"embeddable":true,"href":"https:\/\/www.plurinominal.com.mx\/index.php?rest_route=%2Fwp%2Fv2%2Fcomments&post=4214"}],"version-history":[{"count":0,"href":"https:\/\/www.plurinominal.com.mx\/index.php?rest_route=\/wp\/v2\/posts\/4214\/revisions"}],"wp:featuredmedia":[{"embeddable":true,"href":"https:\/\/www.plurinominal.com.mx\/index.php?rest_route=\/wp\/v2\/media\/4215"}],"wp:attachment":[{"href":"https:\/\/www.plurinominal.com.mx\/index.php?rest_route=%2Fwp%2Fv2%2Fmedia&parent=4214"}],"wp:term":[{"taxonomy":"category","embeddable":true,"href":"https:\/\/www.plurinominal.com.mx\/index.php?rest_route=%2Fwp%2Fv2%2Fcategories&post=4214"},{"taxonomy":"post_tag","embeddable":true,"href":"https:\/\/www.plurinominal.com.mx\/index.php?rest_route=%2Fwp%2Fv2%2Ftags&post=4214"}],"curies":[{"name":"wp","href":"https:\/\/api.w.org\/{rel}","templated":true}]}}