{"id":425,"date":"2011-11-13T21:41:31","date_gmt":"2011-11-14T03:41:31","guid":{"rendered":"http:\/\/www.plurinominal.com.mx\/?p=425"},"modified":"2011-11-13T21:41:31","modified_gmt":"2011-11-14T03:41:31","slug":"que-%e2%80%9cla-harina%e2%80%9d-enfrenta-problemas-a-causa-de-%e2%80%9cpanfletos%e2%80%9d","status":"publish","type":"post","link":"https:\/\/www.plurinominal.com.mx\/?p=425","title":{"rendered":"Que \u201cLa Harina\u201d enfrenta problemas a causa de \u201cpanfletos\u201d"},"content":{"rendered":"<p>Durante la sesi\u00f3n de Cabildo llevada a cabo el viernes 11 de Noviembre, el Asesor T\u00e9cnico de la Presidencia Municipal Salvador Mart\u00ednez \u201cLa Harina\u201d expuso a los ediles que a causa de los panfletos repartidos por Juan Carlos Rodr\u00edguez durante el segundo informe, \u201cha tenido ciertos problemas\u201d.<\/p>\n","protected":false},"excerpt":{"rendered":"<p>Durante la sesi\u00f3n de Cabildo llevada a cabo el viernes 11 de Noviembre, el Asesor T\u00e9cnico de la Presidencia Municipal Salvador Mart\u00ednez \u201cLa Harina\u201d expuso a los ediles que a&#8230;<\/p>\n","protected":false},"author":1,"featured_media":426,"comment_status":"closed","ping_status":"open","sticky":false,"template":"","format":"standard","meta":{"footnotes":""},"categories":[3],"tags":[252,253],"class_list":["post-425","post","type-post","status-publish","format-standard","has-post-thumbnail","hentry","category-cerritos","tag-la-harina","tag-salvador-martinez-lumbreras","entry","simple"],"_links":{"self":[{"href":"https:\/\/www.plurinominal.com.mx\/index.php?rest_route=\/wp\/v2\/posts\/425","targetHints":{"allow":["GET"]}}],"collection":[{"href":"https:\/\/www.plurinominal.com.mx\/index.php?rest_route=\/wp\/v2\/posts"}],"about":[{"href":"https:\/\/www.plurinominal.com.mx\/index.php?rest_route=\/wp\/v2\/types\/post"}],"author":[{"embeddable":true,"href":"https:\/\/www.plurinominal.com.mx\/index.php?rest_route=\/wp\/v2\/users\/1"}],"replies":[{"embeddable":true,"href":"https:\/\/www.plurinominal.com.mx\/index.php?rest_route=%2Fwp%2Fv2%2Fcomments&post=425"}],"version-history":[{"count":0,"href":"https:\/\/www.plurinominal.com.mx\/index.php?rest_route=\/wp\/v2\/posts\/425\/revisions"}],"wp:featuredmedia":[{"embeddable":true,"href":"https:\/\/www.plurinominal.com.mx\/index.php?rest_route=\/wp\/v2\/media\/426"}],"wp:attachment":[{"href":"https:\/\/www.plurinominal.com.mx\/index.php?rest_route=%2Fwp%2Fv2%2Fmedia&parent=425"}],"wp:term":[{"taxonomy":"category","embeddable":true,"href":"https:\/\/www.plurinominal.com.mx\/index.php?rest_route=%2Fwp%2Fv2%2Fcategories&post=425"},{"taxonomy":"post_tag","embeddable":true,"href":"https:\/\/www.plurinominal.com.mx\/index.php?rest_route=%2Fwp%2Fv2%2Ftags&post=425"}],"curies":[{"name":"wp","href":"https:\/\/api.w.org\/{rel}","templated":true}]}}